  {"id":2809,"date":"2015-06-08T18:29:56","date_gmt":"2015-06-08T18:29:56","guid":{"rendered":"http:\/\/www.un.org\/sustainabledevelopment\/fr\/?p=2809"},"modified":"2017-11-13T12:33:21","modified_gmt":"2017-11-13T17:33:21","slug":"objectifs-du-millenaire-la-fao-se-felicite-des-succes-dans-la-lutte-contre-la-faim","status":"publish","type":"post","link":"https:\/\/www.un.org\/sustainabledevelopment\/fr\/2015\/06\/08\/objectifs-du-millenaire-la-fao-se-felicite-des-succes-dans-la-lutte-contre-la-faim\/","title":{"rendered":"Objectifs du Mill\u00e9naire : la FAO se f\u00e9licite des succ\u00e8s dans la lutte contre la faim"},"content":{"rendered":"<p>8 juin 2015 \u2013 L&rsquo;Organisation des Nations Unies pour l&rsquo;alimentation et l&rsquo;agriculture (<a href=\"http:\/\/www.fao.org\/index_fr.htm\">FAO<\/a>) a c\u00e9l\u00e9br\u00e9 lundi au cours d&rsquo;une remise de prix \u00e0 Rome l&rsquo;effort mondial qui a permis \u00e0 72 pays d&rsquo;atteindre l&rsquo;objectif de r\u00e9duire fortement la proportion de personnes souffrant de la faim \u00e0 l&rsquo;horizon 2015.<\/p>\n<p>\u00ab Depuis 1990, 216 millions de personnes ont \u00e9t\u00e9 lib\u00e9r\u00e9es de la faim \u00bb, s&rsquo;est f\u00e9licit\u00e9 le Directeur g\u00e9n\u00e9ral de la FAO, Jos\u00e9 Graziano da Silva.<\/p>\n<p>Il a toutefois d\u00e9plor\u00e9 que pr\u00e8s de 800 millions de personnes souffrent encore de sous-alimentation chronique et a appel\u00e9 \u00e0 un redoublement des efforts mondiaux de lutte dans ce domaine.<\/p>\n<p>\u00ab Une personne sur neuf sur la plan\u00e8te n&rsquo;a toujours pas assez de nourriture pour mener une vie active, saine et productive. C&rsquo;est inacceptable \u00bb, s&rsquo;est-il exclam\u00e9.<\/p>\n<p>L&rsquo;ann\u00e9e 2015 marque l&rsquo;ach\u00e8vement de la p\u00e9riode de suivi des Objectifs du Mill\u00e9naire pour le d\u00e9veloppement(<a href=\"https:\/\/www.un.org\/fr\/millenniumgoals\/\">OMD<\/a>), qui seront remplac\u00e9s par les Objectifs de d\u00e9veloppement durable (ODD) en cours de n\u00e9gociation par la communaut\u00e9 internationale.<\/p>\n<p>Les ODD doivent \u00ab forger un engagement mondial qui va au-del\u00e0 de la r\u00e9duction de la faim, cherchant plut\u00f4t \u00e0 l&rsquo;\u00e9radiquer totalement\u00bb, a fait valoir M. Graziano da Silva. \u00ab Si tout le monde y met du sien, Faim Z\u00e9ro pourra \u00eatre atteint de notre vivant. Ensemble nous pouvons transformer cette vision en r\u00e9alit\u00e9 \u00bb.<\/p>\n<p>Au cours de la c\u00e9r\u00e9monie, la Bolivie, le Costa Rica, le Laos, le Mozambique, le N\u00e9pal, l&rsquo;Ouzb\u00e9kistan, les \u00celes Salomon et le Suriname ont re\u00e7u un prix pour avoir atteint la cible des OMD, \u00e0 savoir la r\u00e9duction de moiti\u00e9 de la proportion de personnes souffrant de la faim \u00e0 l&rsquo;horizon 2015, ou bien la r\u00e9duction de cette proportion pour la ramener en dessous du seuil des 5%. Ils ont rejoint d&rsquo;autres pays qui avaient re\u00e7u le m\u00eame prix les ann\u00e9es pr\u00e9c\u00e9dentes.<\/p>\n<p>L&rsquo;Angola, la Chine, le Gabon, le Mali, le Myanmar et la R\u00e9publique dominicaine ont \u00e9t\u00e9 r\u00e9compens\u00e9s pour avoir \u00e9galement atteint l&rsquo;objectif plus ambitieux du Sommet mondial de l&rsquo;alimentation en 1996 \u00e0 Rome consistant \u00e0 r\u00e9duire de moiti\u00e9 le nombre de personnes souffrant de la faim.<\/p>\n<p>&lsquo;L&rsquo;Etat de l&rsquo;ins\u00e9curit\u00e9 alimentaire dans le monde 2015&rsquo;, rapport diffus\u00e9 le mois dernier par la FAO, note que les pays ayant fait des progr\u00e8s dans la lutte contre la faim ont b\u00e9n\u00e9fici\u00e9 de conditions politiques stables et ont promu la croissance \u00e9conomique inclusive et le d\u00e9veloppement de l&rsquo;agriculture, de la p\u00eache et de la foresterie.<\/p>\n<p>Beaucoup parmi ces pays avaient \u00e9galement mis en \u0153uvre des politiques visant \u00e0 promouvoir et \u00e0 prot\u00e9ger l&rsquo;acc\u00e8s \u00e0 la nourriture.<\/p>\n<p>Toujours selon le rapport, l&rsquo;am\u00e9lioration de la productivit\u00e9 des exploitations familiales de petite taille \u2013 notamment celles incluant des femmes et des jeunes \u2013et le renforcement des m\u00e9canismes de protection sociale sont des facteurs cl\u00e9s favorisant \u00e0 la fois la croissance inclusive et le bon fonctionnement des march\u00e9s.<\/p>\n<p>En revanche, les conflits, l&rsquo;instabilit\u00e9 politique ou les catastrophes naturelles \u2013 y compris celles d\u00e9coulant du changement climatique \u2013 entra\u00eenent souvent des crises prolong\u00e9es qui aggravent la vuln\u00e9rabilit\u00e9 et l&rsquo;ins\u00e9curit\u00e9 alimentaire.<\/p>\n<p>Un engagement politique fort, le respect des droits humains fondamentaux et l&rsquo;int\u00e9gration de l&rsquo;aide humanitaire avec l&rsquo;assistance au d\u00e9veloppement sont n\u00e9cessaires pour r\u00e9pondre \u00e0 ces crises, indique le rapport.<\/p>\n<p><a href=\"https:\/\/www.un.org\/apps\/newsFr\/storyF.asp?NewsID=34937#.VbKEG_lVhBc\">Via le Centre d&rsquo;actualit\u00e9s de l&rsquo;ONU<\/a><\/p>\n","protected":false},"excerpt":{"rendered":"<p>8 juin 2015 \u2013 L&rsquo;Organisation des Nations Unies pour l&rsquo;alimentation et l&rsquo;agriculture (FAO) a c\u00e9l\u00e9br\u00e9 lundi au cours d&rsquo;une remise de prix \u00e0 Rome l&rsquo;effort mondial qui a permis \u00e0 72 pays d&rsquo;atteindre l&rsquo;objectif de r\u00e9duire fortement la proportion de personnes souffrant de la faim \u00e0 l&rsquo;horizon 2015.<\/p>\n","protected":false},"author":136,"featured_media":2812,"comment_status":"closed","ping_status":"closed","sticky":false,"template":"","format":"standard","meta":{"_et_pb_use_builder":"","_et_pb_old_content":"","_et_gb_content_width":"","footnotes":""},"categories":[16,12,15],"tags":[],"class_list":["post-2809","post","type-post","status-publish","format-standard","has-post-thumbnail","hentry","category-news","category-hunger","category-mdgs"],"_links":{"self":[{"href":"https:\/\/www.un.org\/sustainabledevelopment\/fr\/wp-json\/wp\/v2\/posts\/2809","targetHints":{"allow":["GET"]}}],"collection":[{"href":"https:\/\/www.un.org\/sustainabledevelopment\/fr\/wp-json\/wp\/v2\/posts"}],"about":[{"href":"https:\/\/www.un.org\/sustainabledevelopment\/fr\/wp-json\/wp\/v2\/types\/post"}],"author":[{"embeddable":true,"href":"https:\/\/www.un.org\/sustainabledevelopment\/fr\/wp-json\/wp\/v2\/users\/136"}],"replies":[{"embeddable":true,"href":"https:\/\/www.un.org\/sustainabledevelopment\/fr\/wp-json\/wp\/v2\/comments?post=2809"}],"version-history":[{"count":0,"href":"https:\/\/www.un.org\/sustainabledevelopment\/fr\/wp-json\/wp\/v2\/posts\/2809\/revisions"}],"wp:featuredmedia":[{"embeddable":true,"href":"https:\/\/www.un.org\/sustainabledevelopment\/fr\/wp-json\/wp\/v2\/media\/2812"}],"wp:attachment":[{"href":"https:\/\/www.un.org\/sustainabledevelopment\/fr\/wp-json\/wp\/v2\/media?parent=2809"}],"wp:term":[{"taxonomy":"category","embeddable":true,"href":"https:\/\/www.un.org\/sustainabledevelopment\/fr\/wp-json\/wp\/v2\/categories?post=2809"},{"taxonomy":"post_tag","embeddable":true,"href":"https:\/\/www.un.org\/sustainabledevelopment\/fr\/wp-json\/wp\/v2\/tags?post=2809"}],"curies":[{"name":"wp","href":"https:\/\/api.w.org\/{rel}","templated":true}]}}