  {"id":2851,"date":"2015-06-16T19:20:47","date_gmt":"2015-06-16T19:20:47","guid":{"rendered":"http:\/\/www.un.org\/sustainabledevelopment\/fr\/?p=2851"},"modified":"2017-11-13T12:33:18","modified_gmt":"2017-11-13T17:33:18","slug":"lonu-et-lastronaute-de-la-nasa-scott-kelly-lancent-le-concours-photo-whyspacematters","status":"publish","type":"post","link":"https:\/\/www.un.org\/sustainabledevelopment\/fr\/2015\/06\/16\/lonu-et-lastronaute-de-la-nasa-scott-kelly-lancent-le-concours-photo-whyspacematters\/","title":{"rendered":"L&rsquo;ONU et l&rsquo;astronaute de la NASA Scott Kelly lancent le concours photo #whyspacematters"},"content":{"rendered":"<p>16 juin 2015 \u2013 Le Bureau des Nations Unies pour les affaires spatiales (Ä¢¹½ÊÓÆµOOSA) et l&rsquo;astronaute am\u00e9ricain Scott Kelly, actuellement \u00e0 bord de la Station spatiale internationale, ont lanc\u00e9 mardi un concours international de photographie visant \u00e0 souligner l&rsquo;importance de l&rsquo;espace pour le d\u00e9veloppement durable sur la Terre.<\/p>\n<p>Pour mettre en \u00e9vidence le r\u00f4le de la science et des technologies spatiales dans le d\u00e9veloppement durable, l&rsquo;Ä¢¹½ÊÓÆµOOSA, en coop\u00e9ration avec la NASA et M. Kelly, a eu l&rsquo;id\u00e9e de ce concours, qui consiste \u00e0 demander au public de soumettre des photographies illustrant l&rsquo;impact des questions spatiales dans la vie quotidienne des gens.<\/p>\n<p>\u00ab <div class=\"fusion-fullwidth fullwidth-box fusion-builder-row-1 hundred-percent-fullwidth non-hundred-percent-height-scrolling\" style=\"--awb-border-radius-top-left:0px;--awb-border-radius-top-right:0px;--awb-border-radius-bottom-right:0px;--awb-border-radius-bottom-left:0px;--awb-overflow:visible;--awb-flex-wrap:wrap;\" ><div class=\"fusion-builder-row fusion-row\"><div class=\"fusion-layout-column fusion_builder_column fusion-builder-column-0 fusion_builder_column_1_1 1_1 fusion-one-full fusion-column-first fusion-column-last fusion-column-no-min-height\" style=\"--awb-bg-size:cover;--awb-margin-bottom:0px;\"><div class=\"fusion-column-wrapper fusion-flex-column-wrapper-legacy\">[C&rsquo;est] un honneur d&rsquo;avoir \u00e0 disposition Scott Kelly pour qu&rsquo;il puisse partager son exp\u00e9rience dans l&rsquo;espace avec les Nations Unies \u00bb, <a href=\"http:\/\/www.unoosa.org\/oosa\/en\/informationfor\/media\/2015-unis-os-456.html\">a d\u00e9clar\u00e9<\/a> la Directrice de l&rsquo;Ä¢¹½ÊÓÆµOOSA, Simonetta Di Pippo, dans un communiqu\u00e9 de presse. \u00ab Cette campagne aidera \u00e0 promouvoir l&rsquo;utilisation des sciences et des technologies spatiales dans des domaines tels que la r\u00e9duction des risques de catastrophe, le suivi des effets du changement climatique et \u00e0 l&rsquo;\u00e9galit\u00e9 d&rsquo;acc\u00e8s \u00e0 l&rsquo;\u00e9ducation et la t\u00e9l\u00e9m\u00e9decine \u00bb.<\/p>\n<p>M. Kelly se trouve actuellement \u00e0 bord de la Station spatiale internationale avec le cosmonaute russe Mikha\u00efl Kornienko pour une mission de un an, durant laquelle il \u00e9tablira un nouveau record de dur\u00e9e pour un astronaute am\u00e9ricain envoy\u00e9 dans l&rsquo;espace sans rel\u00e8ve dans le courant de sa mission.<\/p>\n<p>\u00ab Nous apprenons quelque chose chaque fois que nous allons dans l&rsquo;espace. Et la Station spatiale internationale est l&rsquo;un des plus grands laboratoires du monde, o\u00f9 nous aidons \u00e0 r\u00e9aliser des progr\u00e8s en m\u00e9decine, en biologie, en chimie et en sciences des mat\u00e9riaux. C&rsquo;est la poursuite de ces progr\u00e8s au-del\u00e0 de la Terre qui aide \u00e0 am\u00e9liorer la vie sur Terre \u00bb, a d\u00e9clar\u00e9 M. Scott depuis la Station spatiale internationale.<\/p>\n<p>\u00ab C&rsquo;est la raison pour laquelle je suis tellement attach\u00e9 \u00e0 l&rsquo;exploration de l&rsquo;espace et me suis lanc\u00e9 dans cette mission d&rsquo;une dur\u00e9e de un an \u00bb, a-t-il dit. \u00ab Je suis impatient de voir les images envoy\u00e9es par les gens du monde entier sur la fa\u00e7on dont la technologie de l&rsquo;espace a eu un impact sur leur vie, l\u00e0 o\u00f9 ils se trouvent \u00bb.<\/p>\n<p>Les participants sont invit\u00e9s \u00e0 soumettre des photos via Instagram en utilisant le hashtag<a href=\"http:\/\/www.unoosa.org\/oosa\/contests\/whyspacematters\/index.html\">#whyspacematters<\/a> et @Ä¢¹½ÊÓÆµOOSA.<\/p>\n<p>Chaque mois, un nouveau th\u00e8me sera d\u00e9termin\u00e9 et M. Kelly annoncera la photo gagnante en l&rsquo;affichant sur son compte Instagram @StationCDRKelly.<\/p>\n<p><a href=\"https:\/\/www.un.org\/apps\/newsFr\/storyF.asp?NewsID=34992#.VbKQAPlVhBc\">Via le Centre d&rsquo;actualit\u00e9s de l&rsquo;ONU<\/a><div class=\"fusion-clearfix\"><\/div><\/div><\/div><\/div><\/div><\/p>\n","protected":false},"excerpt":{"rendered":"<p>16 juin 2015 \u2013 Le Bureau des Nations Unies pour les affaires spatiales (Ä¢¹½ÊÓÆµOOSA) et l&rsquo;astronaute am\u00e9ricain Scott Kelly, actuellement \u00e0 bord de la Station spatiale internationale, ont lanc\u00e9 mardi un concours international de photographie visant \u00e0 souligner l&rsquo;importance de l&rsquo;espace pour le d\u00e9veloppement durable sur la Terre.<\/p>\n","protected":false},"author":136,"featured_media":2854,"comment_status":"closed","ping_status":"closed","sticky":false,"template":"","format":"standard","meta":{"_et_pb_use_builder":"","_et_pb_old_content":"","_et_gb_content_width":"","footnotes":""},"categories":[16,14],"tags":[],"class_list":["post-2851","post","type-post","status-publish","format-standard","has-post-thumbnail","hentry","category-news","category-infrastructure"],"_links":{"self":[{"href":"https:\/\/www.un.org\/sustainabledevelopment\/fr\/wp-json\/wp\/v2\/posts\/2851","targetHints":{"allow":["GET"]}}],"collection":[{"href":"https:\/\/www.un.org\/sustainabledevelopment\/fr\/wp-json\/wp\/v2\/posts"}],"about":[{"href":"https:\/\/www.un.org\/sustainabledevelopment\/fr\/wp-json\/wp\/v2\/types\/post"}],"author":[{"embeddable":true,"href":"https:\/\/www.un.org\/sustainabledevelopment\/fr\/wp-json\/wp\/v2\/users\/136"}],"replies":[{"embeddable":true,"href":"https:\/\/www.un.org\/sustainabledevelopment\/fr\/wp-json\/wp\/v2\/comments?post=2851"}],"version-history":[{"count":0,"href":"https:\/\/www.un.org\/sustainabledevelopment\/fr\/wp-json\/wp\/v2\/posts\/2851\/revisions"}],"wp:featuredmedia":[{"embeddable":true,"href":"https:\/\/www.un.org\/sustainabledevelopment\/fr\/wp-json\/wp\/v2\/media\/2854"}],"wp:attachment":[{"href":"https:\/\/www.un.org\/sustainabledevelopment\/fr\/wp-json\/wp\/v2\/media?parent=2851"}],"wp:term":[{"taxonomy":"category","embeddable":true,"href":"https:\/\/www.un.org\/sustainabledevelopment\/fr\/wp-json\/wp\/v2\/categories?post=2851"},{"taxonomy":"post_tag","embeddable":true,"href":"https:\/\/www.un.org\/sustainabledevelopment\/fr\/wp-json\/wp\/v2\/tags?post=2851"}],"curies":[{"name":"wp","href":"https:\/\/api.w.org\/{rel}","templated":true}]}}