  {"id":2857,"date":"2015-06-17T19:33:17","date_gmt":"2015-06-17T19:33:17","guid":{"rendered":"http:\/\/www.un.org\/sustainabledevelopment\/fr\/?p=2857"},"modified":"2017-11-13T12:33:15","modified_gmt":"2017-11-13T17:33:15","slug":"lutte-contre-la-desertification-lonu-appelle-a-investir-dans-des-sols-vivants","status":"publish","type":"post","link":"https:\/\/www.un.org\/sustainabledevelopment\/fr\/2015\/06\/17\/lutte-contre-la-desertification-lonu-appelle-a-investir-dans-des-sols-vivants\/","title":{"rendered":"Lutte contre la d\u00e9sertification : l&rsquo;ONU appelle \u00e0 investir dans des \u00ab sols vivants \u00bb"},"content":{"rendered":"<p>17 juin 2015 \u2013 A l&rsquo;occasion de la Journ\u00e9e mondiale de la lutte contre la d\u00e9sertification et la s\u00e9cheresse, deux hauts responsables de l&rsquo;ONU ont appel\u00e9 mercredi la communaut\u00e9 internationale \u00e0 agir vite pour lutter contre ce fl\u00e9au et \u00e0 investir dans des sols sains pour pr\u00e9server notre droit \u00e0 l&rsquo;alimentation et \u00e0 l&rsquo;eau douce.<\/p>\n<p>L&rsquo;\u00e9dition 2015 de cette Journ\u00e9e, qui est observ\u00e9e chaque ann\u00e9e le 17 juin, a pour th\u00e8me \u00ab l&rsquo;objectif d&rsquo;une s\u00e9curit\u00e9 alimentaire pour tous \u00e0 travers des syst\u00e8mes alimentaires durables \u00bb.<\/p>\n<p>A travers son slogan, \u00ab On n&rsquo;a rien sans rien, investissons dans des sols vivants \u00bb, le th\u00e8me de cette ann\u00e9e appelle notamment \u00e0 changer l&rsquo;usage qui est fait des terres \u00e0 travers une agriculture intelligente et adapt\u00e9e au changement climatique, particuli\u00e8rement dans des r\u00e9gions du monde fragilis\u00e9es par la s\u00e9cheresse o\u00f9 les p\u00e9nuries alimentaires deviennent de plus en plus graves.<\/p>\n<p>\u00ab La d\u00e9gradation des terres et la d\u00e9sertification compromettent la jouissance des droits de l&rsquo;homme, \u00e0 commencer par le droit \u00e0 l&rsquo;alimentation \u00bb, a d\u00e9clar\u00e9 le Secr\u00e9taire g\u00e9n\u00e9ral de l&rsquo;ONU, Ban Ki-moon, dans un message.<\/p>\n<p>\u00ab Pr\u00e8s d&rsquo;un milliard de personnes souffrent de malnutrition, les plus touch\u00e9es \u00e9tant celles qui d\u00e9pendent de zones d\u00e9grad\u00e9es pour vivre, et leur situation risque encore de s&rsquo;aggraver si, comme on le pr\u00e9voit, la production vivri\u00e8re mondiale diminue, du fait d&rsquo;une telle d\u00e9gradation, de 12 % d&rsquo;ici \u00e0 2035 \u00bb, s&rsquo;est inqui\u00e9t\u00e9 le Secr\u00e9taire g\u00e9n\u00e9ral.<\/p>\n<p>Le chef de l&rsquo;ONU a ajout\u00e9 que la s\u00e9curit\u00e9 alimentaire est \u00e9galement compromise par la diminution des ressources en eau. La d\u00e9gradation des terres rar\u00e9fie les stocks d&rsquo;eau et de neige dans le sous-sol, au point que dans 10 ans, deux personnes sur trois dans le monde risquent d&rsquo;avoir \u00e0 subir des restrictions d&rsquo;eau.<\/p>\n<p>\u00ab Chaque ann\u00e9e, nous d\u00e9gradons 12 millions d&rsquo;hectares de terres productives, soit la superficie du B\u00e9nin ou du Honduras. La d\u00e9gradation touche plus de la moiti\u00e9 des terres agricoles, contre 10 % seulement de terres r\u00e9g\u00e9n\u00e9r\u00e9es. Or, nous pourrions r\u00e9g\u00e9n\u00e9rer quelque 500 millions d&rsquo;hectares d&rsquo;une mani\u00e8re rentable, au lieu de les abandonner \u00bb, a affirm\u00e9 M. Ban.<\/p>\n<p>Le Secr\u00e9taire g\u00e9n\u00e9ral a par ailleurs d\u00e9clar\u00e9 que du fait de la d\u00e9gradation des terres, l&rsquo;humanit\u00e9 lib\u00e8re environ un quart des \u00e9missions de gaz \u00e0 effet de serre qui provoquent un r\u00e9chauffement de la plan\u00e8te. Les changements climatiques et l&rsquo;exploitation non viable des terres, en particulier dans l&rsquo;agriculture, contribuent \u00e0 rar\u00e9fier les ressources en eau douce dans toutes les r\u00e9gions du monde. En cons\u00e9quence, la production alimentaire mondiale devrait diminuer de 2 % tous les 10 ans, a-t-il indiqu\u00e9.<\/p>\n<p>\u00ab Or, il est possible de vivre dans un monde o\u00f9 la jouissance de tous les droits \u2013 \u00e0 l&rsquo;alimentation, \u00e0 l&rsquo;eau et \u00e0 la s\u00e9curit\u00e9 humaine \u2013 serait garantie. Mais nous devrons, pour ce faire, changer de cap et nous d\u00e9cider \u00e0 prot\u00e9ger chaque hectare pouvant receler des denr\u00e9es alimentaires ou de l&rsquo;eau douce \u00bb, a d\u00e9clar\u00e9 le Secr\u00e9taire g\u00e9n\u00e9ral, insistant sur la n\u00e9cessit\u00e9 d&rsquo;investir dans la neutralit\u00e9 en mati\u00e8re de d\u00e9gradation des terres, conform\u00e9ment \u00e0 la proposition formul\u00e9e par les \u00c9tats Membres de l&rsquo;ONU pour le programme de d\u00e9veloppement pour l&rsquo;apr\u00e8s-2015.<\/p>\n<p>\u00ab Nous devons \u00e9viter de continuer \u00e0 d\u00e9grader des terres tout en r\u00e9g\u00e9n\u00e9rant, dans toute la mesure du possible, celles que nous avons d\u00e9grad\u00e9es. C&rsquo;est ainsi que nous pourrons \u00e9galement faire des avanc\u00e9es rapides dans la lutte contre les changements climatiques \u00bb, a expliqu\u00e9 le chef de l&rsquo;ONU.<\/p>\n<p>Dans un message \u00e9galement rendu public \u00e0 l&rsquo;occasion de cette Journ\u00e9e, la Directrice g\u00e9n\u00e9rale de l&rsquo;Organisation des Nations Unies pour l&rsquo;\u00e9ducation, la science et la culture (<a href=\"http:\/\/www.unesco.org\/new\/fr\/unesco\/\">Ä¢¹½ÊÓÆµESCO<\/a>), Irina Bokova, a quant \u00e0 elle salu\u00e9 les progr\u00e8s constat\u00e9s depuis 2000 dans l&rsquo;\u00e9limination de la pauvret\u00e9 et de la faim, tout en reconnaissant ces probl\u00e8mes persistent dans les zones arides des pays en d\u00e9veloppement qui souffrent d&rsquo;une faible r\u00e9tention de l&rsquo;eau en raison de ph\u00e9nom\u00e8nes naturels et d&rsquo;activit\u00e9s humaines.<\/p>\n<p>\u00ab La s\u00e9curit\u00e9 alimentaire n&rsquo;est pas qu&rsquo;une affaire de production et de distribution de la nourriture \u2013 elle n\u00e9cessite des syst\u00e8mes alimentaires durables, qui eux-m\u00eames d\u00e9pendent d&rsquo;une gestion durable des \u00e9cosyst\u00e8mes, soutenue par la recherche, l&rsquo;\u00e9ducation et la mise en oeuvre de technologies adapt\u00e9es \u00bb, a d\u00e9clar\u00e9 Mme Bokova.<\/p>\n<p>Pour lutter contre ce ph\u00e9nom\u00e8ne, a-t-elle soulign\u00e9, l&rsquo;Ä¢¹½ÊÓÆµESCO aide les gouvernements \u00e0 renforcer leur r\u00e9silience dans tous les domaines face aux effets de la d\u00e9sertification.<\/p>\n<p>La Directrice g\u00e9n\u00e9rale a notamment mentionn\u00e9 une r\u00e9cente initiative dirig\u00e9e par l&rsquo;Ä¢¹½ÊÓÆµESCO dans le bassin du lac Tchad, en vue de promouvoir une gestion int\u00e9gr\u00e9e des ressources naturelles et la restauration des \u00e9cosyst\u00e8mes.<\/p>\n<p>\u00ab Plus de 50 r\u00e9serves de biosph\u00e8re de l&rsquo;Ä¢¹½ÊÓÆµESCO, dans 19 pays du monde, abritent des \u00e9cosyst\u00e8mes de terres arides \u00bb, a-t-elle ajout\u00e9.<\/p>\n<p>Certaines de ces initiatives, a expliqu\u00e9 Mme Bokova, comme l&rsquo;Oasis du sud du Maroc, la r\u00e9serve de biosph\u00e8re des Terres sableuses du Hunshandake-Xilin Gol en Chine et la r\u00e9serve de biosph\u00e8re de Dana en Jordanie, ont accumul\u00e9 une exp\u00e9rience riche et solide de la lutte contre la d\u00e9sertification et de la promotion de nouvelles \u00e9conomies agricoles fond\u00e9es sur les communaut\u00e9s dans les terres arides.<\/p>\n<p>\u00ab La d\u00e9sertification et la d\u00e9gradation des sols constituent une menace pour la s\u00e9curit\u00e9 alimentaire, la stabilit\u00e9 et la paix. Pour y r\u00e9pondre, nous devons agir vite, r\u00e9solument et sur plusieurs fronts. Cela concerne les populations directement touch\u00e9es, mais c&rsquo;est important pour nous tous, partout dans le monde \u00bb, a conclu la Directrice g\u00e9n\u00e9rale de l&rsquo;Ä¢¹½ÊÓÆµESCO.<\/p>\n<p><a href=\"https:\/\/www.un.org\/apps\/newsFr\/storyF.asp?NewsID=34994#.VbKTGPlVhBc\">Via le Centre d&rsquo;actualit\u00e9s de l&rsquo;ONU<\/a><\/p>\n","protected":false},"excerpt":{"rendered":"<p>17 juin 2015 \u2013 A l&rsquo;occasion de la Journ\u00e9e mondiale de la lutte contre la d\u00e9sertification et la s\u00e9cheresse, deux hauts responsables de l&rsquo;ONU ont appel\u00e9 mercredi la communaut\u00e9 internationale \u00e0 agir vite pour lutter contre ce fl\u00e9au et \u00e0 investir dans des sols sains pour pr\u00e9server notre droit \u00e0 l&rsquo;alimentation et \u00e0 l&rsquo;eau douce.<\/p>\n","protected":false},"author":136,"featured_media":2860,"comment_status":"closed","ping_status":"closed","sticky":false,"template":"","format":"standard","meta":{"_et_pb_use_builder":"","_et_pb_old_content":"","_et_gb_content_width":"","footnotes":""},"categories":[16,9],"tags":[],"class_list":["post-2857","post","type-post","status-publish","format-standard","has-post-thumbnail","hentry","category-news","category-forests-desertification-and-biodiversity"],"_links":{"self":[{"href":"https:\/\/www.un.org\/sustainabledevelopment\/fr\/wp-json\/wp\/v2\/posts\/2857","targetHints":{"allow":["GET"]}}],"collection":[{"href":"https:\/\/www.un.org\/sustainabledevelopment\/fr\/wp-json\/wp\/v2\/posts"}],"about":[{"href":"https:\/\/www.un.org\/sustainabledevelopment\/fr\/wp-json\/wp\/v2\/types\/post"}],"author":[{"embeddable":true,"href":"https:\/\/www.un.org\/sustainabledevelopment\/fr\/wp-json\/wp\/v2\/users\/136"}],"replies":[{"embeddable":true,"href":"https:\/\/www.un.org\/sustainabledevelopment\/fr\/wp-json\/wp\/v2\/comments?post=2857"}],"version-history":[{"count":0,"href":"https:\/\/www.un.org\/sustainabledevelopment\/fr\/wp-json\/wp\/v2\/posts\/2857\/revisions"}],"wp:featuredmedia":[{"embeddable":true,"href":"https:\/\/www.un.org\/sustainabledevelopment\/fr\/wp-json\/wp\/v2\/media\/2860"}],"wp:attachment":[{"href":"https:\/\/www.un.org\/sustainabledevelopment\/fr\/wp-json\/wp\/v2\/media?parent=2857"}],"wp:term":[{"taxonomy":"category","embeddable":true,"href":"https:\/\/www.un.org\/sustainabledevelopment\/fr\/wp-json\/wp\/v2\/categories?post=2857"},{"taxonomy":"post_tag","embeddable":true,"href":"https:\/\/www.un.org\/sustainabledevelopment\/fr\/wp-json\/wp\/v2\/tags?post=2857"}],"curies":[{"name":"wp","href":"https:\/\/api.w.org\/{rel}","templated":true}]}}