  {"id":2893,"date":"2015-06-25T21:03:31","date_gmt":"2015-06-25T21:03:31","guid":{"rendered":"http:\/\/www.un.org\/sustainabledevelopment\/fr\/?p=2893"},"modified":"2017-11-13T12:33:14","modified_gmt":"2017-11-13T17:33:14","slug":"pacte-mondial-ban-ki-moon-appelle-les-entreprises-a-peser-sur-les-grands-rendez-vous-de-2015","status":"publish","type":"post","link":"https:\/\/www.un.org\/sustainabledevelopment\/fr\/2015\/06\/25\/pacte-mondial-ban-ki-moon-appelle-les-entreprises-a-peser-sur-les-grands-rendez-vous-de-2015\/","title":{"rendered":"Pacte mondial : Ban Ki-moon appelle les entreprises \u00e0 peser sur les grands rendez-vous de 2015"},"content":{"rendered":"<p>25 juin 2015 \u2013 A l&rsquo;occasion d&rsquo;un \u00e9v\u00e8nement pour c\u00e9l\u00e9brer le 15\u00e8me anniversaire du Pacte mondial des Nations Unies, le Secr\u00e9taire g\u00e9n\u00e9ral de l&rsquo;Organisation, Ban Ki-moon, a appel\u00e9 jeudi les entreprises et le secteur priv\u00e9 \u00e0 prendre une part active dans la r\u00e9alisation des objectifs du futur programme de d\u00e9veloppement durable pour l&rsquo;apr\u00e8s-2015 et dans la lutte contre le changement climatique.<\/p>\n<p>Le Pacte mondial (ou &lsquo;Global Compact&rsquo; en anglais), est une initiative des Nations unies lanc\u00e9e en 2000 visant \u00e0 inciter les entreprises du monde entier \u00e0 adopter une attitude socialement responsable en s&rsquo;engageant \u00e0 int\u00e9grer et \u00e0 promouvoir plusieurs principes relatifs aux droits de l&rsquo;homme, aux normes internationales du travail, et \u00e0 la lutte contre la corruption.<\/p>\n<p>\u00ab Le Pacte mondial compte aujourd&rsquo;hui plus de 8.000 entreprises participantes qui se sont engag\u00e9es \u00e0 faire des affaires de fa\u00e7on responsable en accord avec les principes universels des droits de l&rsquo;homme, des droits du travail, de la protection de l&rsquo;environnement et de la lutte contre la corruption \u00bb, a salu\u00e9 M. Ban dans un discours prononc\u00e9 lors de l&rsquo;\u00e9v\u00e8nement &lsquo;Pacte mondial +15&rsquo;, qui rassemblait jeudi 25 juin des entreprises et repr\u00e9sentants de la soci\u00e9t\u00e9 civile au si\u00e8ge des Nations Unies \u00e0 New York.<\/p>\n<p>\u00ab Fort de signataires dans 170 pays et d&rsquo;environ 100 r\u00e9seaux nationaux, le Pacte mondial touche \u00e0 la fois les pays d\u00e9velopp\u00e9s et les pays en d\u00e9veloppement \u00bb, a poursuivi le chef de l&rsquo;ONU, se f\u00e9licitant de l&rsquo;impact positif de cette initiative sur un certain nombre de probl\u00e9matiques mondiales, qu&rsquo;il s&rsquo;agisse du changement climatique, de l&rsquo;autonomisation des femmes, de l&rsquo;acc\u00e8s \u00e0 l&rsquo;eau ou de la bonne gouvernance.<\/p>\n<p>\u00ab Notre r\u00e9union d&rsquo;aujourd&rsquo;hui intervient dans le courant d&rsquo;une ann\u00e9e potentiellement transformative \u00bb, a affirm\u00e9 le Secr\u00e9taire g\u00e9n\u00e9ral, mentionnant le nouveau programme de d\u00e9veloppement durable qui sera adopt\u00e9 par la communaut\u00e9 internationale en septembre \u00e0 New York et comprendra un ensemble d&rsquo;Objectifs de d\u00e9veloppement durable (ODD) pour les 15 ann\u00e9es avenir.<\/p>\n<p>M. Ban a \u00e9galement invoqu\u00e9 le futur accord global sur le climat qui devrait \u00eatre conclu par les Etats membres en d\u00e9cembre lors du Sommet de Paris.<\/p>\n<p>Comme cela avait \u00e9t\u00e9 le cas pour les Objectifs du Mill\u00e9naire pour le d\u00e9veloppement (<a href=\"https:\/\/www.un.org\/fr\/millenniumgoals\/\">OMD<\/a>) et lors de la tenue de pr\u00e9c\u00e9dents sommets internationaux sur le climat, l&rsquo;engagement du secteur priv\u00e9 sera essentiel pour garantir le succ\u00e8s de ces grands rendez-vous, a d\u00e9clar\u00e9 le Secr\u00e9taire g\u00e9n\u00e9ral.<\/p>\n<p>\u00ab Le monde des affaires et le programme de d\u00e9veloppement durable convergent d&rsquo;une fa\u00e7on tout \u00e0 fait nouvelle et passionnante \u00bb, a-t-il salu\u00e9.<\/p>\n<p>\u00ab Le d\u00e9veloppement durable n&rsquo;est pas de la charit\u00e9 ; c&rsquo;est un investissement intelligent \u00bb, a expliqu\u00e9 M. Ban, soulignant que les ODD offrent un \u00ab pipeline extraordinaire pour l&rsquo;investissement et une plate-forme au sein de laquelle l&rsquo;entreprise responsable peut prosp\u00e9rer \u00bb.<\/p>\n<p>De m\u00eame, sur la question du climat, le Secr\u00e9taire g\u00e9n\u00e9ral a pr\u00e9cis\u00e9 que les changements climatiques pr\u00e9sentent des risques aussi bien pour le d\u00e9veloppement que pour les entreprises.<\/p>\n<p>\u00ab L&rsquo;action climatique offre d&rsquo;\u00e9normes possibilit\u00e9s pour une croissance r\u00e9siliente au changement climatique et \u00e0 faible \u00e9mission de carbone \u00bb, a-t-il ajout\u00e9.<\/p>\n<p>M. Ban a par ailleurs appel\u00e9 les leaders du monde des affaires d&rsquo;aujourd&rsquo;hui \u00e0 devenir les leaders politiques de demain.<\/p>\n<p>\u00ab Pour l&rsquo;heure, le plus urgent est d&rsquo;avancer de fa\u00e7on ambitieuse en mati\u00e8re d&rsquo;action climatique et de rejoindre les rangs de plus en plus nombreux des entreprises militant en faveur d&rsquo;un march\u00e9 du carbone \u00bb, a insist\u00e9 le Secr\u00e9taire g\u00e9n\u00e9ral, se r\u00e9f\u00e9rant \u00e0 la mise en \u0153uvre d&rsquo;un syst\u00e8me consistant \u00e0 faire payer par les \u00e9metteurs le co\u00fbt de la nuisance pour le climat que constituent leurs \u00e9missions de carbone.<\/p>\n<p>M. Ban a \u00e9galement appel\u00e9 les entreprises \u00e0 coop\u00e9rer avec les dirigeants politiques afin d&rsquo;\u00e9radiquer la corruption, d&rsquo;\u00e9laborer des lois sur le climat et de mettre en \u0153uvre des politiques fiscales justes et transparentes.<\/p>\n<p>\u00ab Cela suppose d&rsquo;aligner vos efforts de lobbying avec vos engagements en faveur du d\u00e9veloppement durable. Vous ne pouvez pas d&rsquo;un c\u00f4t\u00e9 prendre publiquement position en faveur de l&rsquo;action climatique et de l&rsquo;autre militer en arri\u00e8re-plan contre la mise en \u0153uvre de mesures pro-environnementales \u00bb, a d\u00e9clar\u00e9 M. Ban.<\/p>\n<p>\u00ab Nous sommes unis dans notre Pacte mondial par des valeurs et des principes partag\u00e9s. Ensemble, nous allons de l&rsquo;avant avec compassion et r\u00e9solus \u00e0 ne laisser personne de c\u00f4t\u00e9 et \u00e0 construire un avenir de dignit\u00e9 pour tous \u00bb, a-t-il conclu.<\/p>\n<p>Dans un communiqu\u00e9 de presse rendu public en marge de l&rsquo;\u00e9v\u00e8nement, M. Ban a annonc\u00e9 la nomination de Lise Kingo en tant que nouvelle Directrice ex\u00e9cutive du Pacte mondial des Nations Unies.<\/p>\n<p>Mme Kingo succ\u00e9dera \u00e0 Georg Kell, qui prendra sa retraite cette ann\u00e9e apr\u00e8s plus de 25 ann\u00e9es au service des Nations Unies.<\/p>\n<p>Le Secr\u00e9taire g\u00e9n\u00e9ral a exprim\u00e9 sa gratitude envers le Directeur ex\u00e9cutif sortant pour le \u00ab leadership exemplaire \u00bb dont il a fait preuve dans la cr\u00e9ation et la gestion du Pacte Mondial des Nations Unies depuis son lancement en 2000.<\/p>\n","protected":false},"excerpt":{"rendered":"<p>25 juin 2015 \u2013 A l&rsquo;occasion d&rsquo;un \u00e9v\u00e8nement pour c\u00e9l\u00e9brer le 15\u00e8me anniversaire du Pacte mondial des Nations Unies, le Secr\u00e9taire g\u00e9n\u00e9ral de l&rsquo;Organisation, Ban Ki-moon, a appel\u00e9 jeudi les entreprises et le secteur priv\u00e9 \u00e0 prendre une part active dans la r\u00e9alisation des objectifs du futur programme de d\u00e9veloppement durable pour l&rsquo;apr\u00e8s-2015 et dans la lutte contre le changement climatique.<\/p>\n","protected":false},"author":136,"featured_media":2896,"comment_status":"closed","ping_status":"closed","sticky":false,"template":"","format":"standard","meta":{"_et_pb_use_builder":"","_et_pb_old_content":"","_et_gb_content_width":"","footnotes":""},"categories":[16,18,34],"tags":[],"class_list":["post-2893","post","type-post","status-publish","format-standard","has-post-thumbnail","hentry","category-news","category-partnerships","category-secretaire-general"],"_links":{"self":[{"href":"https:\/\/www.un.org\/sustainabledevelopment\/fr\/wp-json\/wp\/v2\/posts\/2893","targetHints":{"allow":["GET"]}}],"collection":[{"href":"https:\/\/www.un.org\/sustainabledevelopment\/fr\/wp-json\/wp\/v2\/posts"}],"about":[{"href":"https:\/\/www.un.org\/sustainabledevelopment\/fr\/wp-json\/wp\/v2\/types\/post"}],"author":[{"embeddable":true,"href":"https:\/\/www.un.org\/sustainabledevelopment\/fr\/wp-json\/wp\/v2\/users\/136"}],"replies":[{"embeddable":true,"href":"https:\/\/www.un.org\/sustainabledevelopment\/fr\/wp-json\/wp\/v2\/comments?post=2893"}],"version-history":[{"count":0,"href":"https:\/\/www.un.org\/sustainabledevelopment\/fr\/wp-json\/wp\/v2\/posts\/2893\/revisions"}],"wp:featuredmedia":[{"embeddable":true,"href":"https:\/\/www.un.org\/sustainabledevelopment\/fr\/wp-json\/wp\/v2\/media\/2896"}],"wp:attachment":[{"href":"https:\/\/www.un.org\/sustainabledevelopment\/fr\/wp-json\/wp\/v2\/media?parent=2893"}],"wp:term":[{"taxonomy":"category","embeddable":true,"href":"https:\/\/www.un.org\/sustainabledevelopment\/fr\/wp-json\/wp\/v2\/categories?post=2893"},{"taxonomy":"post_tag","embeddable":true,"href":"https:\/\/www.un.org\/sustainabledevelopment\/fr\/wp-json\/wp\/v2\/tags?post=2893"}],"curies":[{"name":"wp","href":"https:\/\/api.w.org\/{rel}","templated":true}]}}