  {"id":2977,"date":"2015-07-07T15:54:02","date_gmt":"2015-07-07T15:54:02","guid":{"rendered":"http:\/\/www.un.org\/sustainabledevelopment\/fr\/?p=2977"},"modified":"2017-11-13T12:33:10","modified_gmt":"2017-11-13T17:33:10","slug":"a-oslo-ban-ki-moon-appelle-a-faire-de-leducation-des-filles-une-priorite-du-developpement-durable","status":"publish","type":"post","link":"https:\/\/www.un.org\/sustainabledevelopment\/fr\/2015\/07\/07\/a-oslo-ban-ki-moon-appelle-a-faire-de-leducation-des-filles-une-priorite-du-developpement-durable\/","title":{"rendered":"A Oslo, Ban Ki-moon appelle \u00e0 faire de l&rsquo;\u00e9ducation des filles une priorit\u00e9 du d\u00e9veloppement durable"},"content":{"rendered":"<p>7 juillet 2015 \u2013 La communaut\u00e9 internationale doit \u00e9tablir des objectifs ambitieux en mati\u00e8re d&rsquo;acc\u00e8s des filles \u00e0 l&rsquo;\u00e9ducation dans la perspective des objectifs de d\u00e9veloppement durable qui seront adopt\u00e9s en septembre \u00e0 New York, a d\u00e9clar\u00e9 mardi le Secr\u00e9taire g\u00e9n\u00e9ral des Nations Unies, Ban Ki-moon, lors d&rsquo;un sommet \u00e0 Oslo, en Norv\u00e8ge.<\/p>\n<p>\u00ab Il n&rsquo;existe pas de force plus puissante pour lutter contre l&rsquo;extr\u00e9misme violent qu&rsquo;une jeune fille avec un livre \u00bb, a affirm\u00e9 M. Ban dans un discours prononc\u00e9 lors de ce sommet, consacr\u00e9 au r\u00f4le de l&rsquo;\u00e9ducation dans le d\u00e9veloppement.<\/p>\n<p>\u00ab Des millions de filles sont forc\u00e9es de se marier et de quitter l&rsquo;\u00e9cole. Des millions d&rsquo;enfants sont arrach\u00e9s aux salles de classe et mis au travail au champ et \u00e0 l&rsquo;usine \u00bb, a-t-il poursuivi, soulignant que la lutte pour l&rsquo;\u00e9ducation va de pair avec la lutte contre le travail et la traite des enfants.<\/p>\n<p>\u00ab Et je compte sur vous pour militer en faveur d&rsquo;objectifs de d\u00e9veloppement durable audacieux lors de leur adoption \u00e0 New York en septembre \u00bb, a ajout\u00e9 le chef de l&rsquo;ONU, en r\u00e9f\u00e9rence au nouveau programme de d\u00e9veloppement durable qui doit \u00eatre adopt\u00e9 \u00e0 l&rsquo;automne, y compris un ensemble d&rsquo;objectifs pour les 15 prochaines ann\u00e9es.<\/p>\n<p>M. Ban a salu\u00e9 l&rsquo;appel lanc\u00e9 par les participants au forum mondial sur l&rsquo;\u00e9ducation qui s&rsquo;est tenu en Cor\u00e9e du Sud en mai dernier en faveur d&rsquo;une augmentation significative du financement \u00e0 l&rsquo;\u00e9ducation.<\/p>\n<p>Dans la perspective de la conf\u00e9rence des Nations Unies sur le financement du d\u00e9veloppement qui aura lieu \u00e0 du 13 au 16 juillet \u00e0 Addis-Abeba, en Ethiopie, le Secr\u00e9taire g\u00e9n\u00e9ral a appel\u00e9 les participants au sommet d&rsquo;Oslo \u00e0 renouveler cet appel.<\/p>\n<p>\u00ab Nous avons besoin d&rsquo;augmenter le financement pour r\u00e9aliser l&rsquo;\u00e9ducation universelle. Et dans le m\u00eame temps, nous devons am\u00e9liorer la coordination du financement \u00bb, a-t-il d\u00e9clar\u00e9.<\/p>\n<p>A ce titre, M. Ban s&rsquo;est f\u00e9licit\u00e9 de l&rsquo;annonce de la cr\u00e9ation d&rsquo;une Commission mondiale sur financement de l&rsquo;\u00e9ducation, qui sera dirig\u00e9e par son Envoy\u00e9 sp\u00e9cial pour l&rsquo;\u00e9ducation mondiale, Gordon Brown.<\/p>\n<p>Le Secr\u00e9taire g\u00e9n\u00e9ral a par ailleurs insist\u00e9 sur le financement de l&rsquo;\u00e9ducation dans les situations de crise.<\/p>\n<p>\u00ab L&rsquo;augmentation des urgences et des crises \u00e0 travers le monde a pouss\u00e9 des dizaines de millions d&rsquo;enfants et de jeunes hors de l&rsquo;\u00e9cole \u00bb, a-t-il regrett\u00e9, soulignant qu&rsquo;\u00e0 l&rsquo;heure actuelle moins de 2% de l&rsquo;aide humanitaire sont destin\u00e9s \u00e0 l&rsquo;\u00e9ducation.<\/p>\n<p>M. Ban a ainsi appel\u00e9 les Etats membres de l&rsquo;Organisation \u00e0 donner davantage de fonds pour l&rsquo;\u00e9ducation, notamment au Y\u00e9men, en Syrie, en Iraq, au Soudan du Sud, en R\u00e9publique centrafricaine, en Libye et en R\u00e9publique d\u00e9mocratique du Congo.<\/p>\n<p>\u00ab Je ne pourrai jamais oublier les \u00e9tudiants japonais que j&rsquo;ai rencontr\u00e9 apr\u00e8s la catastrophe de Fukushima ou les filles dans leur \u00e9cole reconstruite \u00e0 Gaza, ou d&rsquo;autres encore dans les endroits du monde o\u00f9 l&rsquo;\u00e9cole est un \u00eelot de paix dans une mer de chaos \u00bb, a d\u00e9clar\u00e9 le Secr\u00e9taire g\u00e9n\u00e9ral.<\/p>\n<p>Lors d&rsquo;une conf\u00e9rence de presse organis\u00e9e dans la capitale norv\u00e9gienne dans la foul\u00e9e du sommet, en pr\u00e9sence de la Premi\u00e8re ministre du pays, Erna Soldberg, le Secr\u00e9taire g\u00e9n\u00e9ral a salu\u00e9 la Norv\u00e8ge pour son engagement en faveur de l&rsquo;\u00e9ducation dans le monde.<\/p>\n<p>\u00ab Je remercie le gouvernement norv\u00e9gien pour l&rsquo;organisation du sommet d&rsquo;aujourd&rsquo;hui et pour ses efforts d\u00e9ploy\u00e9s afin d&rsquo;aider les 58 millions d&rsquo;enfants \u00e0 travers le monde qui sont toujours priv\u00e9s de leur droit \u00e0 l&rsquo;\u00e9ducation \u00bb, a-t-il d\u00e9clar\u00e9.<\/p>\n<p>Mme Soldberg sera par ailleurs l&rsquo;un des cinq coordinateurs de la future Commission mondiale sur financement de l&rsquo;\u00e9ducation.<\/p>\n<p><a href=\"https:\/\/www.un.org\/apps\/newsFr\/storyF.asp?NewsID=35125#.VbenLPlVhBc\">Via le Centre d&rsquo;actualit\u00e9s de l&rsquo;ONU<\/a><\/p>\n","protected":false},"excerpt":{"rendered":"<p>7 juillet 2015 \u2013 La communaut\u00e9 internationale doit \u00e9tablir des objectifs ambitieux en mati\u00e8re d&rsquo;acc\u00e8s des filles \u00e0 l&rsquo;\u00e9ducation dans la perspective des objectifs de d\u00e9veloppement durable qui seront adopt\u00e9s en septembre \u00e0 New York, a d\u00e9clar\u00e9 mardi le Secr\u00e9taire g\u00e9n\u00e9ral des Nations Unies, Ban Ki-moon, lors d&rsquo;un sommet \u00e0 Oslo, en Norv\u00e8ge.<\/p>\n","protected":false},"author":136,"featured_media":2980,"comment_status":"closed","ping_status":"closed","sticky":false,"template":"","format":"standard","meta":{"_et_pb_use_builder":"","_et_pb_old_content":"","_et_gb_content_width":"","footnotes":""},"categories":[16,7,46,34],"tags":[],"class_list":["post-2977","post","type-post","status-publish","format-standard","has-post-thumbnail","hentry","category-news","category-education","category-objectifs-de-developpement-durable","category-secretaire-general"],"_links":{"self":[{"href":"https:\/\/www.un.org\/sustainabledevelopment\/fr\/wp-json\/wp\/v2\/posts\/2977","targetHints":{"allow":["GET"]}}],"collection":[{"href":"https:\/\/www.un.org\/sustainabledevelopment\/fr\/wp-json\/wp\/v2\/posts"}],"about":[{"href":"https:\/\/www.un.org\/sustainabledevelopment\/fr\/wp-json\/wp\/v2\/types\/post"}],"author":[{"embeddable":true,"href":"https:\/\/www.un.org\/sustainabledevelopment\/fr\/wp-json\/wp\/v2\/users\/136"}],"replies":[{"embeddable":true,"href":"https:\/\/www.un.org\/sustainabledevelopment\/fr\/wp-json\/wp\/v2\/comments?post=2977"}],"version-history":[{"count":0,"href":"https:\/\/www.un.org\/sustainabledevelopment\/fr\/wp-json\/wp\/v2\/posts\/2977\/revisions"}],"wp:featuredmedia":[{"embeddable":true,"href":"https:\/\/www.un.org\/sustainabledevelopment\/fr\/wp-json\/wp\/v2\/media\/2980"}],"wp:attachment":[{"href":"https:\/\/www.un.org\/sustainabledevelopment\/fr\/wp-json\/wp\/v2\/media?parent=2977"}],"wp:term":[{"taxonomy":"category","embeddable":true,"href":"https:\/\/www.un.org\/sustainabledevelopment\/fr\/wp-json\/wp\/v2\/categories?post=2977"},{"taxonomy":"post_tag","embeddable":true,"href":"https:\/\/www.un.org\/sustainabledevelopment\/fr\/wp-json\/wp\/v2\/tags?post=2977"}],"curies":[{"name":"wp","href":"https:\/\/api.w.org\/{rel}","templated":true}]}}