  {"id":2992,"date":"2015-07-08T15:03:43","date_gmt":"2015-07-08T15:03:43","guid":{"rendered":"http:\/\/www.un.org\/sustainabledevelopment\/fr\/?p=2992"},"modified":"2015-07-30T15:11:45","modified_gmt":"2015-07-30T15:11:45","slug":"alarme-par-la-fonte-des-glaciers-en-norvege-ban-ki-moon-appelle-a-lutter-contre-le-changement-climatique","status":"publish","type":"post","link":"https:\/\/www.un.org\/sustainabledevelopment\/fr\/2015\/07\/08\/alarme-par-la-fonte-des-glaciers-en-norvege-ban-ki-moon-appelle-a-lutter-contre-le-changement-climatique\/","title":{"rendered":"Alarm\u00e9 par la fonte des glaciers en Norv\u00e8ge, Ban Ki-moon appelle \u00e0 lutter contre le changement climatique"},"content":{"rendered":"<p>8 juillet 2015 \u2013 En visite sur le site d&rsquo;un glacier de l&rsquo;Arctique norv\u00e9gien dont la fonte est attribu\u00e9e au r\u00e9chauffement plan\u00e9taire, le Secr\u00e9taire g\u00e9n\u00e9ral des Nations Unies, Ban Ki-moon, a soulign\u00e9 mercredi la n\u00e9cessit\u00e9 pour la communaut\u00e9 internationale d&rsquo;agir d\u00e8s maintenant pour tenter de lutter contre le changement climatique.<\/p>\n<p>\u00ab Je suis \u00e0 environ 250 m\u00e8tres \u00e0 peine du glacier. Il a l&rsquo;air magnifique ! Mais parall\u00e8lement, je m&rsquo;inqui\u00e8te des nombreuses fissures qui vont bient\u00f4t se briser. Elles sont en train de fondre tr\u00e8s rapidement, et je suis enti\u00e8rement d&rsquo;accord avec les projections des scientifiques. Si nous ne prenons pas des mesures d\u00e8s maintenant, nous le regretterons. Nous devons maintenir la hausse de la temp\u00e9rature mondiale en dessous de deux degr\u00e9s d\u00e8s que possible \u00bb, a d\u00e9clar\u00e9 le Secr\u00e9taire g\u00e9n\u00e9ral dans un message vid\u00e9o.<\/p>\n<p>A environ cinq mois de la prochaine r\u00e9union des \u00c9tats parties \u00e0 la Convention cadre des Nations Unies sur les changements climatiques, qui aura lieu \u00e0 Paris en d\u00e9cembre 2015, le chef de l&rsquo;ONU, de visite en Norv\u00e8ge, a pu constater par lui-m\u00eame les effets du r\u00e9chauffement plan\u00e9taire. A bord du navire &lsquo;RV Lance&rsquo;, il s&rsquo;est en effet rendu sur le site du glacier Blomstrandbreen, o\u00f9 il \u00e9tait d\u00e9j\u00e0 venu lors de sa derni\u00e8re visite dans le pays en 2009.<\/p>\n<p>\u00ab Le fjord situ\u00e9 derri\u00e8re nous a \u00e9t\u00e9 ouvert chaque hiver, tout l&rsquo;hiver, parce que l&rsquo;oc\u00e9an est de plus en plus chaud. Par cons\u00e9quent, nous avons constat\u00e9 beaucoup de changement depuis la derni\u00e8re visite du Secr\u00e9taire g\u00e9n\u00e9ral \u00bb, a d\u00e9clar\u00e9 Kim Holmen, Directeur international \u00e0 l&rsquo;Institut polaire norv\u00e9gien.<\/p>\n<p>\u00ab Les glaciers sur terre sont aussi un exemple tr\u00e8s visible du changement climatique. Chaque ann\u00e9e, ils se retirent et ici, dans cette zone, nous constatons un abaissement de leur surface d&rsquo;environ un m\u00e8tre par an, en raison de leur fonte \u00bb, a ajout\u00e9 Jan-Gunnar Winther, Directeur de l&rsquo;Institut polaire norv\u00e9gien, qui voyageait aux c\u00f4t\u00e9s du Secr\u00e9taire g\u00e9n\u00e9ral \u00e0 bord du &lsquo;RV Lance&rsquo;.<\/p>\n","protected":false},"excerpt":{"rendered":"<p>8 juillet 2015 \u2013 En visite sur le site d&rsquo;un glacier de l&rsquo;Arctique norv\u00e9gien dont la fonte est attribu\u00e9e au r\u00e9chauffement plan\u00e9taire, le Secr\u00e9taire g\u00e9n\u00e9ral des Nations Unies, Ban Ki-moon, a soulign\u00e9 mercredi la n\u00e9cessit\u00e9 pour la communaut\u00e9 internationale d&rsquo;agir d\u00e8s maintenant pour tenter de lutter contre le changement climatique.<\/p>\n","protected":false},"author":136,"featured_media":2995,"comment_status":"closed","ping_status":"closed","sticky":false,"template":"","format":"standard","meta":{"_et_pb_use_builder":"","_et_pb_old_content":"","_et_gb_content_width":"","footnotes":""},"categories":[16,5],"tags":[],"class_list":["post-2992","post","type-post","status-publish","format-standard","has-post-thumbnail","hentry","category-news","category-climate-change"],"_links":{"self":[{"href":"https:\/\/www.un.org\/sustainabledevelopment\/fr\/wp-json\/wp\/v2\/posts\/2992","targetHints":{"allow":["GET"]}}],"collection":[{"href":"https:\/\/www.un.org\/sustainabledevelopment\/fr\/wp-json\/wp\/v2\/posts"}],"about":[{"href":"https:\/\/www.un.org\/sustainabledevelopment\/fr\/wp-json\/wp\/v2\/types\/post"}],"author":[{"embeddable":true,"href":"https:\/\/www.un.org\/sustainabledevelopment\/fr\/wp-json\/wp\/v2\/users\/136"}],"replies":[{"embeddable":true,"href":"https:\/\/www.un.org\/sustainabledevelopment\/fr\/wp-json\/wp\/v2\/comments?post=2992"}],"version-history":[{"count":0,"href":"https:\/\/www.un.org\/sustainabledevelopment\/fr\/wp-json\/wp\/v2\/posts\/2992\/revisions"}],"wp:featuredmedia":[{"embeddable":true,"href":"https:\/\/www.un.org\/sustainabledevelopment\/fr\/wp-json\/wp\/v2\/media\/2995"}],"wp:attachment":[{"href":"https:\/\/www.un.org\/sustainabledevelopment\/fr\/wp-json\/wp\/v2\/media?parent=2992"}],"wp:term":[{"taxonomy":"category","embeddable":true,"href":"https:\/\/www.un.org\/sustainabledevelopment\/fr\/wp-json\/wp\/v2\/categories?post=2992"},{"taxonomy":"post_tag","embeddable":true,"href":"https:\/\/www.un.org\/sustainabledevelopment\/fr\/wp-json\/wp\/v2\/tags?post=2992"}],"curies":[{"name":"wp","href":"https:\/\/api.w.org\/{rel}","templated":true}]}}