  {"id":3046,"date":"2015-07-27T16:11:00","date_gmt":"2015-07-27T16:11:00","guid":{"rendered":"http:\/\/www.un.org\/sustainabledevelopment\/fr\/?p=3046"},"modified":"2015-07-30T16:17:42","modified_gmt":"2015-07-30T16:17:42","slug":"laccord-sur-le-financement-du-developpement-est-crucial-pour-la-prosperite-mondiale-selon-ban-ki-moon","status":"publish","type":"post","link":"https:\/\/www.un.org\/sustainabledevelopment\/fr\/2015\/07\/27\/laccord-sur-le-financement-du-developpement-est-crucial-pour-la-prosperite-mondiale-selon-ban-ki-moon\/","title":{"rendered":"L&rsquo;accord sur le financement du d\u00e9veloppement est crucial pour la prosp\u00e9rit\u00e9 mondiale, selon Ban Ki-moon"},"content":{"rendered":"<p>27 juillet 2015 \u2013 Alors que l&rsquo;Assembl\u00e9e g\u00e9n\u00e9rale des Nations Unies devait formellement adopter lundi l&rsquo;accord conclu \u00e0 Addis-Abeba sur le financement du d\u00e9veloppement, le Secr\u00e9taire g\u00e9n\u00e9ral de l&rsquo;ONU, Ban Ki-moon, a soulign\u00e9 une nouvelle fois l&rsquo;importance de cet accord pour la prosp\u00e9rit\u00e9 mondiale future.<\/p>\n<p>Le Programme d&rsquo;action d&rsquo;Addis-Abeba a \u00e9t\u00e9 conclu mi-juillet \u00e0 l&rsquo;issue de n\u00e9gociations acharn\u00e9es entre Etats participant \u00e0 la Conf\u00e9rence sur le financement du d\u00e9veloppement dans la capitale \u00e9thiopienne. Cet accord contient une s\u00e9rie de mesures pour r\u00e9former les pratiques mondiales du financement du d\u00e9veloppement durable.<\/p>\n<p>\u00ab En approuvant le document final de la Troisi\u00e8me Conf\u00e9rence internationale sur le financement du d\u00e9veloppement, nous lan\u00e7ons une nouvelle \u00e8re de coop\u00e9ration et de partenariat global \u00bb, a d\u00e9clar\u00e9 lundi M. Ban dans un discours devant l&rsquo;Assembl\u00e9e g\u00e9n\u00e9rale des Nations Unies.<\/p>\n<p>Selon lui, cet accord est d\u00e9terminant pour le succ\u00e8s du Sommet qui doit adopter les objectifs de d\u00e9veloppement durable \u00e0 New York, en septembre, et pour le succ\u00e8s du Sommet sur le climat \u00e0 Paris, en d\u00e9cembre.<\/p>\n<p>Le Secr\u00e9taire g\u00e9n\u00e9ral a rappel\u00e9 que le Programme d&rsquo;action d&rsquo;Addis-Abeba fournit des incitations \u00e0 investir dans les secteurs o\u00f9 il y a des besoins et aligne les flux et les politiques de financement avec les priorit\u00e9s \u00e9conomiques, sociales et environnementales.<\/p>\n<p>Outre l&rsquo;accord final de la Conf\u00e9rence d&rsquo;Addis-Abeba, d&rsquo;autres initiatives ont \u00e9t\u00e9 lanc\u00e9es, dont l&rsquo;Initiative fiscale d&rsquo;Addis, un engagement accru des banques de d\u00e9veloppement et un nouveau partenariat de financement pour la sant\u00e9 des femmes et des enfants.<\/p>\n<p>Selon Ban Ki-moon, le Programme d&rsquo;action fournit \u00ab une base solide pour soutenir le programme de d\u00e9veloppement de l&rsquo;apr\u00e8s 2015 \u00bb. Il fournit aussi \u00ab un solide m\u00e9canisme de reddition des comptes \u00bb.<\/p>\n<p>\u00ab Nous sommes engag\u00e9s r\u00e9solument sur la voie d&rsquo;un monde plus prosp\u00e8re, plus juste et plus durable pour cette g\u00e9n\u00e9ration et les g\u00e9n\u00e9rations futures \u00bb, a-t-il conclu.<\/p>\n<p>Le Pr\u00e9sident de l&rsquo;Assembl\u00e9e g\u00e9n\u00e9rale, Sam Kutesa, a pour sa part encourag\u00e9 les Etats membres \u00e0 faire tout leur possible \u00ab\u00a0pour s&rsquo;assurer que le Programme d&rsquo;action d&rsquo;Addis-Abeba soit pleinement mis en oeuvre\u00a0\u00bb.<\/p>\n<p>MM. Kutesa et Ban ont par ailleurs salu\u00e9 lundi la m\u00e9moire du Repr\u00e9sentant permanent de Djibouti aupr\u00e8s des Nations Unies, Roble Olhaye, qui est d\u00e9c\u00e9d\u00e9 le 22 juillet 2015.<\/p>\n<p>Celui que l&rsquo;on qualifiait avec humour de \u00ab repr\u00e9sentant \u00e9ternel \u00bb repr\u00e9sentait son pays aupr\u00e8s de l&rsquo;Organisation depuis 1988, a rappel\u00e9 M. Ban dans un discours prononc\u00e9 lors d&rsquo;un hommage rendu \u00e0 l&rsquo;Assembl\u00e9e g\u00e9n\u00e9rale.<\/p>\n<p><a href=\"https:\/\/www.un.org\/apps\/newsFr\/storyF.asp?NewsID=35240#.VbpMuvlVhBc\">Via le Centre d&rsquo;actualit\u00e9s de l&rsquo;ONU<\/a><\/p>\n","protected":false},"excerpt":{"rendered":"<p>27 juillet 2015 \u2013 Alors que l&rsquo;Assembl\u00e9e g\u00e9n\u00e9rale des Nations Unies devait formellement adopter lundi l&rsquo;accord conclu \u00e0 Addis-Abeba sur le financement du d\u00e9veloppement, le Secr\u00e9taire g\u00e9n\u00e9ral de l&rsquo;ONU, Ban Ki-moon, a soulign\u00e9 une nouvelle fois l&rsquo;importance de cet accord pour la prosp\u00e9rit\u00e9 mondiale future.<\/p>\n","protected":false},"author":136,"featured_media":3049,"comment_status":"closed","ping_status":"closed","sticky":false,"template":"","format":"standard","meta":{"_et_pb_use_builder":"","_et_pb_old_content":"","_et_gb_content_width":"","footnotes":""},"categories":[16,41],"tags":[],"class_list":["post-3046","post","type-post","status-publish","format-standard","has-post-thumbnail","hentry","category-news","category-financement-du-developpement"],"_links":{"self":[{"href":"https:\/\/www.un.org\/sustainabledevelopment\/fr\/wp-json\/wp\/v2\/posts\/3046","targetHints":{"allow":["GET"]}}],"collection":[{"href":"https:\/\/www.un.org\/sustainabledevelopment\/fr\/wp-json\/wp\/v2\/posts"}],"about":[{"href":"https:\/\/www.un.org\/sustainabledevelopment\/fr\/wp-json\/wp\/v2\/types\/post"}],"author":[{"embeddable":true,"href":"https:\/\/www.un.org\/sustainabledevelopment\/fr\/wp-json\/wp\/v2\/users\/136"}],"replies":[{"embeddable":true,"href":"https:\/\/www.un.org\/sustainabledevelopment\/fr\/wp-json\/wp\/v2\/comments?post=3046"}],"version-history":[{"count":0,"href":"https:\/\/www.un.org\/sustainabledevelopment\/fr\/wp-json\/wp\/v2\/posts\/3046\/revisions"}],"wp:featuredmedia":[{"embeddable":true,"href":"https:\/\/www.un.org\/sustainabledevelopment\/fr\/wp-json\/wp\/v2\/media\/3049"}],"wp:attachment":[{"href":"https:\/\/www.un.org\/sustainabledevelopment\/fr\/wp-json\/wp\/v2\/media?parent=3046"}],"wp:term":[{"taxonomy":"category","embeddable":true,"href":"https:\/\/www.un.org\/sustainabledevelopment\/fr\/wp-json\/wp\/v2\/categories?post=3046"},{"taxonomy":"post_tag","embeddable":true,"href":"https:\/\/www.un.org\/sustainabledevelopment\/fr\/wp-json\/wp\/v2\/tags?post=3046"}],"curies":[{"name":"wp","href":"https:\/\/api.w.org\/{rel}","templated":true}]}}