  {"id":3058,"date":"2015-07-28T16:34:43","date_gmt":"2015-07-28T16:34:43","guid":{"rendered":"http:\/\/www.un.org\/sustainabledevelopment\/fr\/?p=3058"},"modified":"2015-07-30T16:37:22","modified_gmt":"2015-07-30T16:37:22","slug":"lonu-a-70-ans-et-le-monde-a-plus-que-jamais-besoin-delle-rappelle-cristina-gallach-a-washington","status":"publish","type":"post","link":"https:\/\/www.un.org\/sustainabledevelopment\/fr\/2015\/07\/28\/lonu-a-70-ans-et-le-monde-a-plus-que-jamais-besoin-delle-rappelle-cristina-gallach-a-washington\/","title":{"rendered":"L&rsquo;ONU a 70 ans et le monde a plus que jamais besoin d&rsquo;elle, rappelle Cristina Gallach \u00e0 Washington"},"content":{"rendered":"<div id=\"fullstory\">\n<p>28 juillet 2015 \u2013 A l&rsquo;occasion d&rsquo;une manifestation c\u00e9l\u00e9brant le 70\u00e8me anniversaire de la Charte des Nations Unies aux Archives nationales \u00e0 Washington, la Secr\u00e9taire g\u00e9n\u00e9rale adjointe des Nations Unies \u00e0 l&rsquo;information, Cristina Gallach, a rappel\u00e9 mardi que le monde avait plus que jamais besoin de l&rsquo;Organisation pour la paix, la s\u00e9curit\u00e9 et le d\u00e9veloppement.<\/p>\n<p>\u00ab L&rsquo;ONU est une r\u00e9alit\u00e9 dans la vie de tous les jours de tant de gens \u00e0 travers le monde. Elle les relie au reste de la communaut\u00e9 mondiale \u00bb, a soulign\u00e9 Mme Gallach dans un discours lors de cette manifestation, \u00e0 laquelle participait \u00e9galement la Sous-Secr\u00e9taire d&rsquo;Etat am\u00e9ricaine aux affaires politiques, Wendy Sherman.<\/p>\n<p>\u00ab Nous devons nous assurer que les jeunes en particulier comprennent que l&rsquo;ONU ne consiste pas seulement en sa Charte, pr\u00e9cieusement prot\u00e9g\u00e9e et fig\u00e9e dans le temps \u00bb, a-t-elle ajout\u00e9.<\/p>\n<p>Elle a rappel\u00e9 que l&rsquo;Organisation \u00e9tait n\u00e9e \u00ab du chaudron de la guerre \u00bb, \u00e0 la fin de la Seconde Guerre mondiale. \u00ab Son ambition \u00e9tait grande, m\u00eame si l&rsquo;ONU au moment de sa cr\u00e9ation en 1945 ne r\u00e9unissait pas toutes les nations et tous les peuples \u00bb, a-t-elle soulign\u00e9.<\/p>\n<p>Selon la Secr\u00e9taire g\u00e9n\u00e9rale adjointe, les 12 prochains mois seront d\u00e9terminants pour l&rsquo;Organisation et la communaut\u00e9 internationale, du fait des d\u00e9cisions importantes qui devront \u00eatre prises en mati\u00e8re de d\u00e9veloppement durable, de lutte contre le changement climatique et de crises humanitaires qui ravagent plusieurs r\u00e9gions du globe.<\/p>\n<p>\u00ab Du Sommet sur le d\u00e9veloppement durable \u00e0 New York en septembre au premier Sommet humanitaire mondial \u00e0 Istanbul en mai prochain, en passant par les n\u00e9gociations sur le climat \u00e0 Paris en d\u00e9cembre, le monde attend beaucoup de l&rsquo;ONU et compte sur l&rsquo;ONU pour faire la diff\u00e9rence \u00bb, a insist\u00e9 Mme Gallach. \u00ab Une ann\u00e9e 2015 r\u00e9ussie sera le legs du 70\u00e8me anniversaire de l&rsquo;ONU \u00bb.<\/p>\n<p><a href=\"https:\/\/www.un.org\/apps\/newsFr\/storyF.asp?NewsID=35252#.VbpM2_lVhBc\">Via le Centre d&rsquo;actualit\u00e9s de l&rsquo;ONU<\/a><\/p>\n<\/div>\n<p>&nbsp;<\/p>\n","protected":false},"excerpt":{"rendered":"<p>28 juillet 2015 \u2013 A l&rsquo;occasion d&rsquo;une manifestation c\u00e9l\u00e9brant le 70\u00e8me anniversaire de la Charte des Nations Unies aux Archives nationales \u00e0 Washington, la Secr\u00e9taire g\u00e9n\u00e9rale adjointe des Nations Unies \u00e0 l&rsquo;information, Cristina Gallach, a rappel\u00e9 mardi que le monde avait plus que jamais besoin de l&rsquo;Organisation pour la paix, la s\u00e9curit\u00e9 et le d\u00e9veloppement.<\/p>\n","protected":false},"author":136,"featured_media":3061,"comment_status":"closed","ping_status":"closed","sticky":false,"template":"","format":"standard","meta":{"_et_pb_use_builder":"","_et_pb_old_content":"","_et_gb_content_width":"","footnotes":""},"categories":[16,55],"tags":[],"class_list":["post-3058","post","type-post","status-publish","format-standard","has-post-thumbnail","hentry","category-news","category-programme-de-developpement-durable"],"_links":{"self":[{"href":"https:\/\/www.un.org\/sustainabledevelopment\/fr\/wp-json\/wp\/v2\/posts\/3058","targetHints":{"allow":["GET"]}}],"collection":[{"href":"https:\/\/www.un.org\/sustainabledevelopment\/fr\/wp-json\/wp\/v2\/posts"}],"about":[{"href":"https:\/\/www.un.org\/sustainabledevelopment\/fr\/wp-json\/wp\/v2\/types\/post"}],"author":[{"embeddable":true,"href":"https:\/\/www.un.org\/sustainabledevelopment\/fr\/wp-json\/wp\/v2\/users\/136"}],"replies":[{"embeddable":true,"href":"https:\/\/www.un.org\/sustainabledevelopment\/fr\/wp-json\/wp\/v2\/comments?post=3058"}],"version-history":[{"count":0,"href":"https:\/\/www.un.org\/sustainabledevelopment\/fr\/wp-json\/wp\/v2\/posts\/3058\/revisions"}],"wp:featuredmedia":[{"embeddable":true,"href":"https:\/\/www.un.org\/sustainabledevelopment\/fr\/wp-json\/wp\/v2\/media\/3061"}],"wp:attachment":[{"href":"https:\/\/www.un.org\/sustainabledevelopment\/fr\/wp-json\/wp\/v2\/media?parent=3058"}],"wp:term":[{"taxonomy":"category","embeddable":true,"href":"https:\/\/www.un.org\/sustainabledevelopment\/fr\/wp-json\/wp\/v2\/categories?post=3058"},{"taxonomy":"post_tag","embeddable":true,"href":"https:\/\/www.un.org\/sustainabledevelopment\/fr\/wp-json\/wp\/v2\/tags?post=3058"}],"curies":[{"name":"wp","href":"https:\/\/api.w.org\/{rel}","templated":true}]}}