  {"id":3356,"date":"2015-08-09T18:15:08","date_gmt":"2015-08-09T18:15:08","guid":{"rendered":"http:\/\/www.un.org\/sustainabledevelopment\/fr\/?p=3356"},"modified":"2017-11-13T12:33:02","modified_gmt":"2017-11-13T17:33:02","slug":"journee-internationale-ban-ki-moon-appelle-a-ameliorer-la-sante-et-le-bien-etre-des-peuples-autochtones","status":"publish","type":"post","link":"https:\/\/www.un.org\/sustainabledevelopment\/fr\/2015\/08\/09\/journee-internationale-ban-ki-moon-appelle-a-ameliorer-la-sante-et-le-bien-etre-des-peuples-autochtones\/","title":{"rendered":"Journ\u00e9e internationale : Ban Ki-moon appelle \u00e0 am\u00e9liorer la sant\u00e9 et le bien-\u00eatre des peuples autochtones"},"content":{"rendered":"<p>9 ao\u00fbt 2015 \u2013 A l&rsquo;occasion de la journ\u00e9e internationale des peuples autochtones, le Secr\u00e9taire g\u00e9n\u00e9ral de l&rsquo;ONU, Ban Ki-moon, a appel\u00e9 dimanche la communaut\u00e9 internationale \u00e0 tout mettre en \u0153uvre pour concr\u00e9tiser les droits des peuples autochtones, notamment dans les domaines de la sant\u00e9 et du bien-\u00eatre.<\/p>\n<p>Alors que l&rsquo;Organisation c\u00e9l\u00e8bre cette ann\u00e9e ses 70 ans d&rsquo;existence, le temps est venu de faire le bilan des nombreux progr\u00e8s accomplis par les Nations Unis en faveur de l&rsquo;humanit\u00e9, a d\u00e9clar\u00e9 M. Ban dans un message.<\/p>\n<p>\u00ab L&rsquo;adoption, en 2007, par l&rsquo;Assembl\u00e9e g\u00e9n\u00e9rale, de la D\u00e9claration des Nations Unies sur les droits des peuples autochtones compte parmi les nombreuses r\u00e9ussites de la collaboration fructueuse entre les peuples autochtones et les \u00c9tats membres de l&rsquo;ONU \u00bb, a-t-il affirm\u00e9.<\/p>\n<p>En cette Journ\u00e9e internationale, le chef de l&rsquo;ONU a souhait\u00e9 accorder une attention toute particuli\u00e8re \u00e0 la sant\u00e9 et au bien-\u00eatre des peuples autochtones.<\/p>\n<p>\u00ab La D\u00e9claration reconna\u00eet leur droit de conserver leurs pratiques m\u00e9dicales et d&rsquo;avoir acc\u00e8s \u00e0 tous les services sociaux et de sant\u00e9 afin de jouir du meilleur \u00e9tat possible de sant\u00e9 physique et mentale. Comme l&rsquo;affirme la D\u00e9claration, nous devons tout mettre en \u0153uvre pour les aider \u00e0 r\u00e9aliser leurs droits et \u00e0 concr\u00e9tiser leurs aspirations \u00bb, a rappel\u00e9 M. Ban.<\/p>\n<p>Le Secr\u00e9taire g\u00e9n\u00e9ral a ajout\u00e9 que les peuples autochtones connaissent de nombreux probl\u00e8mes, pour la plupart \u00e9vitables, dans les domaines de la sant\u00e9 et du bien-\u00eatre, y compris des logements et installations sanitaires insalubres, l&rsquo;absence de soins pr\u00e9natals, la violence g\u00e9n\u00e9ralis\u00e9e \u00e0 l&rsquo;\u00e9gard des femmes, la pr\u00e9valence \u00e9lev\u00e9e du diab\u00e8te, la consommation de drogue et d&rsquo;alcool et des taux \u00e9lev\u00e9s de suicide chez les jeunes et de mortalit\u00e9 infantile.<\/p>\n<p>M. Ban a appel\u00e9 \u00e0 r\u00e9gler de toute urgence ces probl\u00e8mes dans le cadre du nouveau programme de d\u00e9veloppement durable qui sera adopt\u00e9 en septembre \u00e0 New York par les dirigeants mondiaux.<\/p>\n<p>\u00ab En cette Journ\u00e9e internationale des peuples autochtones, je demande \u00e0 la communaut\u00e9 internationale de veiller \u00e0 ce qu&rsquo;ils ne soient pas oubli\u00e9s. Si nous voulons cr\u00e9er un avenir meilleur et plus \u00e9quitable, engageons-nous \u00e0 redoubler d&rsquo;efforts pour am\u00e9liorer la sant\u00e9 et le bien-\u00eatre des peuples autochtones \u00bb, a d\u00e9clar\u00e9 le chef de l&rsquo;ONU.<\/p>\n<p><a href=\"https:\/\/www.un.org\/apps\/newsFr\/storyF.asp?NewsID=35326#.Vd9TwPlVhBd\">Via le Centre d\u2019actualit\u00e9s de l&rsquo;ONU<\/a><\/p>\n","protected":false},"excerpt":{"rendered":"<p>9 ao\u00fbt 2015 \u2013 A l&rsquo;occasion de la journ\u00e9e internationale des peuples autochtones, le Secr\u00e9taire g\u00e9n\u00e9ral de l&rsquo;ONU, Ban Ki-moon, a appel\u00e9 dimanche la communaut\u00e9 internationale \u00e0 tout mettre en \u0153uvre pour concr\u00e9tiser les droits des peuples autochtones, notamment dans les domaines de la sant\u00e9 et du bien-\u00eatre.<\/p>\n","protected":false},"author":136,"featured_media":3361,"comment_status":"closed","ping_status":"closed","sticky":false,"template":"","format":"standard","meta":{"_et_pb_use_builder":"","_et_pb_old_content":"","_et_gb_content_width":"","footnotes":""},"categories":[16,11],"tags":[],"class_list":["post-3356","post","type-post","status-publish","format-standard","has-post-thumbnail","hentry","category-news","category-health"],"_links":{"self":[{"href":"https:\/\/www.un.org\/sustainabledevelopment\/fr\/wp-json\/wp\/v2\/posts\/3356","targetHints":{"allow":["GET"]}}],"collection":[{"href":"https:\/\/www.un.org\/sustainabledevelopment\/fr\/wp-json\/wp\/v2\/posts"}],"about":[{"href":"https:\/\/www.un.org\/sustainabledevelopment\/fr\/wp-json\/wp\/v2\/types\/post"}],"author":[{"embeddable":true,"href":"https:\/\/www.un.org\/sustainabledevelopment\/fr\/wp-json\/wp\/v2\/users\/136"}],"replies":[{"embeddable":true,"href":"https:\/\/www.un.org\/sustainabledevelopment\/fr\/wp-json\/wp\/v2\/comments?post=3356"}],"version-history":[{"count":0,"href":"https:\/\/www.un.org\/sustainabledevelopment\/fr\/wp-json\/wp\/v2\/posts\/3356\/revisions"}],"wp:featuredmedia":[{"embeddable":true,"href":"https:\/\/www.un.org\/sustainabledevelopment\/fr\/wp-json\/wp\/v2\/media\/3361"}],"wp:attachment":[{"href":"https:\/\/www.un.org\/sustainabledevelopment\/fr\/wp-json\/wp\/v2\/media?parent=3356"}],"wp:term":[{"taxonomy":"category","embeddable":true,"href":"https:\/\/www.un.org\/sustainabledevelopment\/fr\/wp-json\/wp\/v2\/categories?post=3356"},{"taxonomy":"post_tag","embeddable":true,"href":"https:\/\/www.un.org\/sustainabledevelopment\/fr\/wp-json\/wp\/v2\/tags?post=3356"}],"curies":[{"name":"wp","href":"https:\/\/api.w.org\/{rel}","templated":true}]}}