  {"id":3476,"date":"2015-08-18T19:50:23","date_gmt":"2015-08-18T19:50:23","guid":{"rendered":"http:\/\/www.un.org\/sustainabledevelopment\/fr\/?p=3476"},"modified":"2017-11-13T12:33:01","modified_gmt":"2017-11-13T17:33:01","slug":"a-j-1-de-la-journee-de-laide-humanitaire-le-pam-salue-les-heros-sur-la-ligne-de-front","status":"publish","type":"post","link":"https:\/\/www.un.org\/sustainabledevelopment\/fr\/2015\/08\/18\/a-j-1-de-la-journee-de-laide-humanitaire-le-pam-salue-les-heros-sur-la-ligne-de-front\/","title":{"rendered":"\u00c0 J-1 de la Journ\u00e9e de l&rsquo;aide humanitaire, le PAM salue les h\u00e9ros sur la ligne de front"},"content":{"rendered":"<div id=\"fullstory\">\n<p>18 ao\u00fbt 2015 \u2013 A la veille de la Journ\u00e9e mondiale de l&rsquo;aide humanitaire qui sera c\u00e9l\u00e9br\u00e9e le 19 ao\u00fbt, la Directrice ex\u00e9cutive du Programme alimentaire mondial des Nations Unies (<a href=\"http:\/\/fr.wfp.org\/\">PAM<\/a>), Ertharin Cousin, a salu\u00e9 mardi les h\u00e9ros sur la ligne de front de l&rsquo;assistance humanitaire dans le monde.<\/p>\n<p>Dans une d\u00e9claration \u00e0 la presse, Mme Cousin a rendu hommage \u00e0 tous les membres de la communaut\u00e9 humanitaire ainsi qu&rsquo;aux employ\u00e9s du PAM \u00ab qui s&rsquo;efforcent de fa\u00e7on d\u00e9sint\u00e9ress\u00e9e, jour apr\u00e8s jour, de r\u00e9pondre aux besoins vitaux des personnes vuln\u00e9rables subissant la pauvret\u00e9 et la famine dans les r\u00e9gions sensibles du monde \u00bb.<\/p>\n<p>La Journ\u00e9e mondiale de l&rsquo;aide humanitaire marque aussi le 12e anniversaire de la mort tragique de 22 coll\u00e8gues dans le bombardement du bureau des Nations Unies \u00e0 Bagdad. \u00ab Nous nous souvenons de leur d\u00e9vouement, de leur compassion et de leur courage. Nous pensons \u00e9galement \u00e0 leurs familles \u00bb, a dit Ertharin Cousin.<\/p>\n<p>Avec environ 80% des op\u00e9rations humanitaires se d\u00e9roulant aujourd&rsquo;hui dans des pays et des r\u00e9gions touch\u00e9s par des conflits, la vie de beaucoup de travailleurs humanitaires est de plus en plus menac\u00e9e, selon Ertharin Cousin.<\/p>\n<p>\u00ab L&rsquo;ann\u00e9e derni\u00e8re, quatre de nos coll\u00e8gues au Soudan du Sud ont disparu sans laisser aucune trace. Nous avons cherch\u00e9 sans rel\u00e2che \u00e0 savoir o\u00f9 ils se trouvaient. Malheureusement apr\u00e8s de nombreux mois, nous sommes oblig\u00e9s de conclure qu&rsquo;ils ne sont plus en vie \u00bb, a-t-elle dit.<\/p>\n<p>La chef du PAM a rappel\u00e9 qu&rsquo;il \u00e9tait de plus en plus difficile d&rsquo;obtenir un acc\u00e8s pour une assistance humanitaire impartiale dans des endroits comme le Y\u00e9men et le Soudan du Sud et que l&rsquo;agence exigeait beaucoup de ses travailleurs humanitaires.<\/p>\n<p>Le PAM est la plus grande agence humanitaire combattant la faim dans le monde. Chaque ann\u00e9e, il aide quelque 80 millions de personnes dans environ 80 pays.<\/p>\n<p>Dans la perspective de la Journ\u00e9e de l&rsquo;aide humanitaire, l&rsquo;Organisation mondiale de la Sant\u00e9 (<a href=\"http:\/\/www.who.int\/fr\/\">OMS<\/a>) a de son c\u00f4t\u00e9 lanc\u00e9 vendredi dernier une campagne en ligne intitul\u00e9e #ThanksHealthHero visant \u00e0 rendre hommage \u00e0 l&rsquo;action des professionnels de sant\u00e9. Pour la seule ann\u00e9e 2014, l&rsquo;OMS a enregistr\u00e9 372 attaques dans 32 pays contre des personnels de sant\u00e9.<\/p>\n<p>L&rsquo;ONU et ses partenaires ont \u00e9galement lanc\u00e9 jeudi dernier une campagne sur les m\u00e9dias sociaux intitul\u00e9e #ShareHumanity (\u00ab l&rsquo;humanit\u00e9 en partage \u00bb) pour susciter une solidarit\u00e9 mondiale face aux crises humanitaires.<\/p>\n<p>La campagne invite les utilisateurs de r\u00e9seaux sociaux \u00e0 \u00ab pr\u00eater \u00bb leurs comptes, en transformant leurs fils d&rsquo;actualit\u00e9s sur Twitter et Facebook en plateformes de partage de r\u00e9cits du monde entier. Cette campagne, ayant pour but d&rsquo;\u00e9veiller un sens accru de responsabilit\u00e9, de solidarit\u00e9, et d&rsquo;activisme gr\u00e2ce aux r\u00e9seaux sociaux, entend cr\u00e9er un \u00e9lan pour le tout premier Sommet humanitaire mondial qui aura lieu en mai 2016 \u00e0 Istanbul.<\/p>\n<p><a href=\"https:\/\/www.un.org\/apps\/newsFr\/storyF.asp?NewsID=35380#.Vd9p-PlVhBd\">Via le Centre d&rsquo;actualit\u00e9s de l&rsquo;ONU<\/a><\/p>\n<\/div>\n","protected":false},"excerpt":{"rendered":"<p>18 ao\u00fbt 2015 \u2013 A la veille de la Journ\u00e9e mondiale de l&rsquo;aide humanitaire qui sera c\u00e9l\u00e9br\u00e9e le 19 ao\u00fbt, la Directrice ex\u00e9cutive du Programme alimentaire mondial des Nations Unies (PAM), Ertharin Cousin, a salu\u00e9 mardi les h\u00e9ros sur la ligne de front de l&rsquo;assistance humanitaire dans le monde.<\/p>\n","protected":false},"author":136,"featured_media":3481,"comment_status":"closed","ping_status":"closed","sticky":false,"template":"","format":"standard","meta":{"_et_pb_use_builder":"","_et_pb_old_content":"","_et_gb_content_width":"","footnotes":""},"categories":[16,55],"tags":[],"class_list":["post-3476","post","type-post","status-publish","format-standard","has-post-thumbnail","hentry","category-news","category-programme-de-developpement-durable"],"_links":{"self":[{"href":"https:\/\/www.un.org\/sustainabledevelopment\/fr\/wp-json\/wp\/v2\/posts\/3476","targetHints":{"allow":["GET"]}}],"collection":[{"href":"https:\/\/www.un.org\/sustainabledevelopment\/fr\/wp-json\/wp\/v2\/posts"}],"about":[{"href":"https:\/\/www.un.org\/sustainabledevelopment\/fr\/wp-json\/wp\/v2\/types\/post"}],"author":[{"embeddable":true,"href":"https:\/\/www.un.org\/sustainabledevelopment\/fr\/wp-json\/wp\/v2\/users\/136"}],"replies":[{"embeddable":true,"href":"https:\/\/www.un.org\/sustainabledevelopment\/fr\/wp-json\/wp\/v2\/comments?post=3476"}],"version-history":[{"count":0,"href":"https:\/\/www.un.org\/sustainabledevelopment\/fr\/wp-json\/wp\/v2\/posts\/3476\/revisions"}],"wp:featuredmedia":[{"embeddable":true,"href":"https:\/\/www.un.org\/sustainabledevelopment\/fr\/wp-json\/wp\/v2\/media\/3481"}],"wp:attachment":[{"href":"https:\/\/www.un.org\/sustainabledevelopment\/fr\/wp-json\/wp\/v2\/media?parent=3476"}],"wp:term":[{"taxonomy":"category","embeddable":true,"href":"https:\/\/www.un.org\/sustainabledevelopment\/fr\/wp-json\/wp\/v2\/categories?post=3476"},{"taxonomy":"post_tag","embeddable":true,"href":"https:\/\/www.un.org\/sustainabledevelopment\/fr\/wp-json\/wp\/v2\/tags?post=3476"}],"curies":[{"name":"wp","href":"https:\/\/api.w.org\/{rel}","templated":true}]}}