  {"id":3496,"date":"2015-08-24T20:05:40","date_gmt":"2015-08-24T20:05:40","guid":{"rendered":"http:\/\/www.un.org\/sustainabledevelopment\/fr\/?p=3496"},"modified":"2017-11-13T12:33:00","modified_gmt":"2017-11-13T17:33:00","slug":"au-nigeria-ban-ki-moon-affirme-que-la-paix-passe-par-le-developpement-durable","status":"publish","type":"post","link":"https:\/\/www.un.org\/sustainabledevelopment\/fr\/2015\/08\/24\/au-nigeria-ban-ki-moon-affirme-que-la-paix-passe-par-le-developpement-durable\/","title":{"rendered":"Au Nig\u00e9ria, Ban Ki-moon affirme que la paix passe par le d\u00e9veloppement durable"},"content":{"rendered":"<p>24 ao\u00fbt 2015 \u2013 En visite au Nig\u00e9ria, le Secr\u00e9taire g\u00e9n\u00e9ral des Nations Unies, Ban Ki-moon, a appel\u00e9 lundi la communaut\u00e9 internationale \u00e0 prendre des mesures concr\u00e8tes en faveur du d\u00e9veloppement durable, seul antidote, selon lui, pour lutter efficacement contre la violence de groupes terroristes tels que Boko Haram.<\/p>\n<p>Dans un discours prononc\u00e9 \u00e0 Abuja, la capitale du pays, \u00e0 l&rsquo;occasion d&rsquo;un groupe de discussion organis\u00e9 autour du th\u00e8me de la d\u00e9mocratie, des droits de l&rsquo;homme et du changement climatique, M. Ban a insist\u00e9 sur l&rsquo;interd\u00e9pendance entre paix et d\u00e9veloppement.<\/p>\n<p>\u00ab Ici, au Nig\u00e9ria, vous avez pu constater combien le d\u00e9ficit de d\u00e9veloppement \u2013 la marginalisation \u00e9conomique, le manque d&rsquo;opportunit\u00e9s et le stress climatique \u2013 peut consid\u00e9rablement aggraver les d\u00e9fis s\u00e9curitaires \u00bb, a d\u00e9clar\u00e9 le Secr\u00e9taire g\u00e9n\u00e9ral en pr\u00e9sence du Vice-Pr\u00e9sident du pays, Yemi Osinbajo. \u00ab L&rsquo;insurrection de Boko Haram est n\u00e9e de ces diff\u00e9rents griefs \u00bb.<\/p>\n<p>Condamnant les enl\u00e8vements r\u00e9p\u00e9t\u00e9s de femmes et de filles par Boko Haram et les violences sexuelles auxquelles ces derni\u00e8res sont r\u00e9guli\u00e8rement soumises par le groupe terroriste, M. Ban a appel\u00e9 les dirigeants mondiaux \u00e0 tout faire pour obtenir la lib\u00e9ration des personnes enlev\u00e9es et leur r\u00e9int\u00e9gration au sein de leurs familles et de leurs communaut\u00e9s.<\/p>\n<p>\u00ab Cette semaine marque le 500\u00e8me jour depuis l&rsquo;enl\u00e8vement des \u00e9coli\u00e8res de Chibok. Je demande une nouvelle fois aux responsables de lib\u00e9rer sans conditions les filles de Chibok et les nombreux enfants et adultes enlev\u00e9s dans le nord-est <div class=\"fusion-fullwidth fullwidth-box fusion-builder-row-1 hundred-percent-fullwidth non-hundred-percent-height-scrolling\" style=\"--awb-border-radius-top-left:0px;--awb-border-radius-top-right:0px;--awb-border-radius-bottom-right:0px;--awb-border-radius-bottom-left:0px;--awb-overflow:visible;--awb-flex-wrap:wrap;\" ><div class=\"fusion-builder-row fusion-row\"><div class=\"fusion-layout-column fusion_builder_column fusion-builder-column-0 fusion_builder_column_1_1 1_1 fusion-one-full fusion-column-first fusion-column-last fusion-column-no-min-height\" style=\"--awb-bg-size:cover;--awb-margin-bottom:0px;\"><div class=\"fusion-column-wrapper fusion-flex-column-wrapper-legacy\">[du Nig\u00e9ria] \u00bb, a-t-il \u00e9galement insist\u00e9.<\/p>\n<p>Plus de 276 lyc\u00e9ennes avaient \u00e9t\u00e9 enlev\u00e9es par le groupe islamiste dans leur \u00e9cole \u00e0 Chibok, dans l&rsquo;Etat de Borno, au nord-est du Nigeria, le 14 avril 2014. Bien que certaines d&rsquo;entre elles aient \u00e9t\u00e9 en mesure d&rsquo;en r\u00e9chapper, le sort de la majorit\u00e9 des lyc\u00e9ennes reste \u00e0 ce jour inconnu.<\/p>\n<p>Afin de garantir la s\u00e9curit\u00e9 sur le long terme, le Secr\u00e9taire g\u00e9n\u00e9ral a par cons\u00e9quent appel\u00e9 les autorit\u00e9s du pays et la communaut\u00e9 internationale dans son ensemble \u00e0 agir en faveur du d\u00e9veloppement.<\/p>\n<p>\u00ab Mon proverbe nig\u00e9rian favori est : &lsquo;Les belles paroles ne produisent pas de nourriture&rsquo; \u00bb, a d\u00e9clar\u00e9 M. Ban, exhortant les dirigeants mondiaux \u00e0 traduire leurs paroles en actes dans la perspective du programme de d\u00e9veloppement durable qui sera adopt\u00e9 lors d&rsquo;un sommet sp\u00e9cial \u00e0 New York en septembre prochain.<\/p>\n<p>\u00ab Nous sommes la premi\u00e8re g\u00e9n\u00e9ration capable d&rsquo;\u00e9radiquer la pauvret\u00e9 et la derni\u00e8re g\u00e9n\u00e9ration susceptible d&rsquo;\u00e9viter les cons\u00e9quences terribles du changement climatique \u00bb, a-t-il ajout\u00e9, se r\u00e9f\u00e9rant \u00e0 la fois au futur programme, dont l&rsquo;objectif sera de mettre fin \u00e0 la pauvret\u00e9 d&rsquo;ici 2030, et \u00e0 l&rsquo;accord sur le climat cens\u00e9 \u00eatre conclu par les Etats membres \u00e0 Paris en d\u00e9cembre 2015.<\/p>\n<p>Arriv\u00e9 ce weekend au Nig\u00e9ria, M. Ban a par ailleurs pris part, plus t\u00f4t dans la journ\u00e9e de lundi, \u00e0 une c\u00e9r\u00e9monie comm\u00e9morative du quatri\u00e8me anniversaire de l&rsquo;attaque contre la Maison de l&rsquo;ONU \u00e0 Abuja. Lors de cet attentat meurtrier perp\u00e9tr\u00e9 le 26 ao\u00fbt 2011, 23 employ\u00e9s de l&rsquo;ONU avaient trouv\u00e9 la mort.<\/p>\n<p>\u00ab Nous nous souviendrons d&rsquo;eux \u00e0 jamais comme \u00e9tant ce que l&rsquo;humanit\u00e9 a de mieux \u00e0 offrir \u00bb, a d\u00e9clar\u00e9 le chef de l&rsquo;ONU dans une s\u00e9rie de remarques prononc\u00e9es \u00e0 cette occasion.<\/p>\n<p>\u00ab Je tiens \u00e0 remercier le gouvernement du Nig\u00e9ria pour son engagement \u00e0 reconstruire la Maison des Nations Unies en tant que symbole de la r\u00e9silience de notre coop\u00e9ration extraordinaire \u00bb, a-t-il ajout\u00e9.<\/p>\n<p>Suite \u00e0 cette c\u00e9r\u00e9monie, le Secr\u00e9taire g\u00e9n\u00e9ral s&rsquo;est entretenu personnellement avec le Pr\u00e9sident du Nig\u00e9ria, Muhammadu Buhari.<\/p>\n<p>Revenant sur leur entrevue lors d&rsquo;une conf\u00e9rence de presse, le chef de l&rsquo;ONU a d\u00e9clar\u00e9 avoir f\u00e9licit\u00e9 ce dernier pour le processus \u00e9lectoral pacifique et cr\u00e9dible ayant conduit \u00e0 son \u00e9lection.<\/p>\n<p>Le Secr\u00e9taire g\u00e9n\u00e9ral a par ailleurs salu\u00e9 l&rsquo;engagement fort du pays en faveur de la d\u00e9mocratie et de la paix, aussi bien au travers de son r\u00f4le de leadership en Afrique de l&rsquo;Ouest et au sein de l&rsquo;Union africaine que via ses contributions en contingents aupr\u00e8s des missions de maintien de la paix des Nations Unies, notamment au Lib\u00e9ria et en Sierra L\u00e9one.<\/p>\n<p>M. Ban a \u00e9galement f\u00e9licit\u00e9 le Pr\u00e9sident Buhari pour avoir lanc\u00e9 un programme en faveur du changement centr\u00e9 sur les questions de l&rsquo;ins\u00e9curit\u00e9, la lutte contre la corruption et le ch\u00f4mage.<\/p>\n<p>\u00ab Je suis convaincu que lorsque vous changez le Nig\u00e9ria, vous changez aussi l&rsquo;Afrique \u00bb, a-t-il dit.<\/p>\n<p><a href=\"https:\/\/www.un.org\/apps\/newsFr\/storyF.asp?NewsID=35418#.Vd9tjPlVhBc\">Via le Centre d&rsquo;actualit\u00e9s de l&rsquo;ONU<\/a><div class=\"fusion-clearfix\"><\/div><\/div><\/div><\/div><\/div><\/p>\n","protected":false},"excerpt":{"rendered":"<p>24 ao\u00fbt 2015 \u2013 En visite au Nig\u00e9ria, le Secr\u00e9taire g\u00e9n\u00e9ral des Nations Unies, Ban Ki-moon, a appel\u00e9 lundi la communaut\u00e9 internationale \u00e0 prendre des mesures concr\u00e8tes en faveur du d\u00e9veloppement durable, seul antidote, selon lui, pour lutter efficacement contre la violence de groupes terroristes tels que Boko Haram.<\/p>\n","protected":false},"author":136,"featured_media":3531,"comment_status":"closed","ping_status":"closed","sticky":false,"template":"","format":"standard","meta":{"_et_pb_use_builder":"","_et_pb_old_content":"","_et_gb_content_width":"","footnotes":""},"categories":[16,55],"tags":[],"class_list":["post-3496","post","type-post","status-publish","format-standard","has-post-thumbnail","hentry","category-news","category-programme-de-developpement-durable"],"_links":{"self":[{"href":"https:\/\/www.un.org\/sustainabledevelopment\/fr\/wp-json\/wp\/v2\/posts\/3496","targetHints":{"allow":["GET"]}}],"collection":[{"href":"https:\/\/www.un.org\/sustainabledevelopment\/fr\/wp-json\/wp\/v2\/posts"}],"about":[{"href":"https:\/\/www.un.org\/sustainabledevelopment\/fr\/wp-json\/wp\/v2\/types\/post"}],"author":[{"embeddable":true,"href":"https:\/\/www.un.org\/sustainabledevelopment\/fr\/wp-json\/wp\/v2\/users\/136"}],"replies":[{"embeddable":true,"href":"https:\/\/www.un.org\/sustainabledevelopment\/fr\/wp-json\/wp\/v2\/comments?post=3496"}],"version-history":[{"count":0,"href":"https:\/\/www.un.org\/sustainabledevelopment\/fr\/wp-json\/wp\/v2\/posts\/3496\/revisions"}],"wp:featuredmedia":[{"embeddable":true,"href":"https:\/\/www.un.org\/sustainabledevelopment\/fr\/wp-json\/wp\/v2\/media\/3531"}],"wp:attachment":[{"href":"https:\/\/www.un.org\/sustainabledevelopment\/fr\/wp-json\/wp\/v2\/media?parent=3496"}],"wp:term":[{"taxonomy":"category","embeddable":true,"href":"https:\/\/www.un.org\/sustainabledevelopment\/fr\/wp-json\/wp\/v2\/categories?post=3496"},{"taxonomy":"post_tag","embeddable":true,"href":"https:\/\/www.un.org\/sustainabledevelopment\/fr\/wp-json\/wp\/v2\/tags?post=3496"}],"curies":[{"name":"wp","href":"https:\/\/api.w.org\/{rel}","templated":true}]}}