  {"id":3511,"date":"2015-08-25T20:11:57","date_gmt":"2015-08-25T20:11:57","guid":{"rendered":"http:\/\/www.un.org\/sustainabledevelopment\/fr\/?p=3511"},"modified":"2015-08-27T20:18:26","modified_gmt":"2015-08-27T20:18:26","slug":"a-paris-ban-ki-moon-discute-avec-le-president-hollande-des-preparatifs-du-sommet-sur-le-climat-de-decembre","status":"publish","type":"post","link":"https:\/\/www.un.org\/sustainabledevelopment\/fr\/2015\/08\/25\/a-paris-ban-ki-moon-discute-avec-le-president-hollande-des-preparatifs-du-sommet-sur-le-climat-de-decembre\/","title":{"rendered":"A Paris, Ban Ki-moon discute avec le Pr\u00e9sident Hollande des pr\u00e9paratifs du Sommet sur le climat de d\u00e9cembre"},"content":{"rendered":"<p>25 ao\u00fbt 2015 \u2013 Le Secr\u00e9taire g\u00e9n\u00e9ral de l&rsquo;ONU, Ban Ki-moon, a rencontr\u00e9 mardi \u00e0 Paris le Pr\u00e9sident fran\u00e7ais, Fran\u00e7ois Hollande, avec qui il a discut\u00e9 notamment des pr\u00e9paratifs du prochain Sommet sur le climat pr\u00e9vu en d\u00e9cembre dans la capitale fran\u00e7aise.<\/p>\n<p>Les deux dirigeants ont ainsi discut\u00e9 \u00ab des mesures \u00e0 prendre pour garantir un r\u00e9sultat ambitieux \u00bb, a pr\u00e9cis\u00e9 le porte-parole du Secr\u00e9taire g\u00e9n\u00e9ral dans un compte-rendu de la rencontre \u00e0 la presse.<\/p>\n<p>\u00ab A cet \u00e9gard, ils ont not\u00e9 combien il \u00e9tait important d&rsquo;impliquer de diverses mani\u00e8res les chefs d&rsquo;Etat et de gouvernement sur le changement climatique, notamment en marge de la 70\u00e8me session de l&rsquo;Assembl\u00e9e g\u00e9n\u00e9rale \u00e0 New York en septembre ainsi que lors d&rsquo;autres r\u00e9unions impliquant des dirigeants \u00bb, a-t-il ajout\u00e9.<\/p>\n<p>Ban Ki-moon et Fran\u00e7ois Hollande ont aussi convenu de l&rsquo;importance d&rsquo;envoyer des signaux d\u00e8s que possible concernant le financement climatique, en particulier lors de la r\u00e9union des Ministres des finances \u00e0 Lima en octobre. Ils ont soulign\u00e9 combien il \u00e9tait important de rendre op\u00e9rationnel le Fonds vert pour le climat et de discuter avec tous les Etats membres afin d&rsquo;acc\u00e9l\u00e9rer la dynamique dans les prochains mois.<\/p>\n<p>Lors de leur rencontre, le chef de l&rsquo;ONU et le Pr\u00e9sident fran\u00e7ais ont aussi discut\u00e9 de plusieurs crises dans le monde, notamment en Ukraine, en Syrie, en Libye et du processus de paix au Moyen-Orient.<\/p>\n<p>S&rsquo;agissant de la R\u00e9publique centrafricaine, ils ont not\u00e9 les progr\u00e8s pour organiser des \u00e9lections et restaurer la s\u00e9curit\u00e9. \u00ab Le Secr\u00e9taire g\u00e9n\u00e9ral a soulign\u00e9 sa d\u00e9termination et son engagement \u00e0 r\u00e9pondre aux probl\u00e8mes de comportement de Casques bleus, notamment d&rsquo;exploitation et d&rsquo;abus sexuels \u00bb, a indiqu\u00e9 son porte-parole.<\/p>\n<p>Enfin, alors que Ban Ki-moon vient d&rsquo;effectuer une visite au Nig\u00e9ria, le chef de l&rsquo;ONU et le Pr\u00e9sident Hollande ont discut\u00e9 de la menace que pose le groupe Boko Haram dans la r\u00e9gion et de la n\u00e9cessit\u00e9 de lutter partout contre l&rsquo;extr\u00e9misme violent.<\/p>\n<p><a href=\"https:\/\/www.un.org\/apps\/newsFr\/storyF.asp?NewsID=35424#.Vd9wBflVhBc\">Via le Centre d&rsquo;actualit\u00e9s de l&rsquo;ONU<\/a><\/p>\n","protected":false},"excerpt":{"rendered":"<p>25 ao\u00fbt 2015 \u2013 Le Secr\u00e9taire g\u00e9n\u00e9ral de l&rsquo;ONU, Ban Ki-moon, a rencontr\u00e9 mardi \u00e0 Paris le Pr\u00e9sident fran\u00e7ais, Fran\u00e7ois Hollande, avec qui il a discut\u00e9 notamment des pr\u00e9paratifs du prochain Sommet sur le climat pr\u00e9vu en d\u00e9cembre dans la capitale fran\u00e7aise.<\/p>\n","protected":false},"author":136,"featured_media":3516,"comment_status":"closed","ping_status":"closed","sticky":false,"template":"","format":"standard","meta":{"_et_pb_use_builder":"","_et_pb_old_content":"","_et_gb_content_width":"","footnotes":""},"categories":[16,5],"tags":[],"class_list":["post-3511","post","type-post","status-publish","format-standard","has-post-thumbnail","hentry","category-news","category-climate-change"],"_links":{"self":[{"href":"https:\/\/www.un.org\/sustainabledevelopment\/fr\/wp-json\/wp\/v2\/posts\/3511","targetHints":{"allow":["GET"]}}],"collection":[{"href":"https:\/\/www.un.org\/sustainabledevelopment\/fr\/wp-json\/wp\/v2\/posts"}],"about":[{"href":"https:\/\/www.un.org\/sustainabledevelopment\/fr\/wp-json\/wp\/v2\/types\/post"}],"author":[{"embeddable":true,"href":"https:\/\/www.un.org\/sustainabledevelopment\/fr\/wp-json\/wp\/v2\/users\/136"}],"replies":[{"embeddable":true,"href":"https:\/\/www.un.org\/sustainabledevelopment\/fr\/wp-json\/wp\/v2\/comments?post=3511"}],"version-history":[{"count":0,"href":"https:\/\/www.un.org\/sustainabledevelopment\/fr\/wp-json\/wp\/v2\/posts\/3511\/revisions"}],"wp:featuredmedia":[{"embeddable":true,"href":"https:\/\/www.un.org\/sustainabledevelopment\/fr\/wp-json\/wp\/v2\/media\/3516"}],"wp:attachment":[{"href":"https:\/\/www.un.org\/sustainabledevelopment\/fr\/wp-json\/wp\/v2\/media?parent=3511"}],"wp:term":[{"taxonomy":"category","embeddable":true,"href":"https:\/\/www.un.org\/sustainabledevelopment\/fr\/wp-json\/wp\/v2\/categories?post=3511"},{"taxonomy":"post_tag","embeddable":true,"href":"https:\/\/www.un.org\/sustainabledevelopment\/fr\/wp-json\/wp\/v2\/tags?post=3511"}],"curies":[{"name":"wp","href":"https:\/\/api.w.org\/{rel}","templated":true}]}}