  {"id":3521,"date":"2015-08-26T20:19:20","date_gmt":"2015-08-26T20:19:20","guid":{"rendered":"http:\/\/www.un.org\/sustainabledevelopment\/fr\/?p=3521"},"modified":"2015-08-27T20:21:32","modified_gmt":"2015-08-27T20:21:32","slug":"a-paris-ban-ki-moon-se-dit-prudemment-optimiste-sur-les-efforts-pour-lutter-contre-le-changement-climatique","status":"publish","type":"post","link":"https:\/\/www.un.org\/sustainabledevelopment\/fr\/2015\/08\/26\/a-paris-ban-ki-moon-se-dit-prudemment-optimiste-sur-les-efforts-pour-lutter-contre-le-changement-climatique\/","title":{"rendered":"A Paris, Ban Ki-moon se dit prudemment optimiste sur les efforts pour lutter contre le changement climatique"},"content":{"rendered":"<p>26 ao\u00fbt 2015 \u2013 A l&rsquo;occasion d&rsquo;une visite \u00e0 Paris, en France, le Secr\u00e9taire g\u00e9n\u00e9ral de l&rsquo;ONU, Ban Ki-moon, s&rsquo;est dit mercredi prudemment optimiste concernant les efforts mondiaux pour lutter contre le changement climatique, alors qu&rsquo;un Sommet sur le climat doit se d\u00e9rouler dans la capitale fran\u00e7aise \u00e0 la fin de l&rsquo;ann\u00e9e.<\/p>\n<p>\u00ab Les derniers \u00e9l\u00e9ments de l&rsquo;accord sur le climat sont en train d&rsquo;\u00eatre n\u00e9goci\u00e9s. J&rsquo;esp\u00e8re que la Conf\u00e9rence des Parties qui se tiendra ici en d\u00e9cembre d\u00e9bouchera sur un texte ambitieux d&rsquo;une r\u00e9elle utilit\u00e9 \u00bb, a d\u00e9clar\u00e9 M. Ban dans une allocution prononc\u00e9e devant des ambassadeurs fran\u00e7ais r\u00e9unis \u00e0 Paris.<\/p>\n<p>\u00ab Aujourd&rsquo;hui, je suis prudemment optimiste. Des plans d&rsquo;action climatique ont \u00e9t\u00e9 soumis par des pays comptant pour plus de 60% du total des \u00e9missions \u00bb, a-t-il ajout\u00e9. \u00ab Trois des plus grandes puissances \u00e9conomiques du monde \u2013 la Chine, l&rsquo;Union europ\u00e9enne et les \u00c9tats-Unis \u2013 sont d\u00e9termin\u00e9es \u00e0 rechercher une croissance fond\u00e9e sur des activit\u00e9s \u00e0 faible \u00e9mission de carbone et r\u00e9sistantes aux changements climatiques \u00bb.<\/p>\n<p>S&rsquo;agissant de la France en particulier, le chef de l&rsquo;ONU a salu\u00e9 la d\u00e9cision qu&rsquo;a r\u00e9cemment prise le Conseil constitutionnel au sujet d&rsquo;une loi ambitieuse sur la transition \u00e9nerg\u00e9tique.<\/p>\n<p>Ban Ki-moon a \u00e9galement not\u00e9 que des collectivit\u00e9s locales avaient pris des mesures vigoureuses en mati\u00e8re climatique. \u00ab Au cours de l&rsquo;ann\u00e9e \u00e9coul\u00e9e, 17 villes se sont engag\u00e9es \u00e0 r\u00e9duire les \u00e9missions de gaz \u00e0 effet de serre de 80% d&rsquo;ici \u00e0 2050 \u00bb, a-t-il soulign\u00e9, pr\u00e9cisant que le Pacte des maires, lanc\u00e9 l&rsquo;an dernier au Sommet sur le climat, compte \u00e0 pr\u00e9sent une centaine de villes.<\/p>\n<p>Selon lui, \u00ab partout dans le monde, des particuliers et des chefs d&rsquo;entreprise visionnaires r\u00e9clament une action forte dans le domaine des changements climatiques. \u00ab A tous les niveaux, dans tous les secteurs et dans toutes les r\u00e9gions, il est de plus en plus largement admis que la croissance \u00e9conomique et l&rsquo;action climatique ne sont pas incompatibles \u00bb.<\/p>\n<p>Selon le Secr\u00e9taire g\u00e9n\u00e9ral il y a plusieurs conditions pour que le futur accord sur le climat ait de r\u00e9els effets.<\/p>\n<p>Premi\u00e8rement, il ne doit laisser aucun doute sur l&rsquo;engagement irr\u00e9versible des Etats en faveur de faibles \u00e9missions de carbone.<\/p>\n<p>Deuxi\u00e8mement, il doit s&rsquo;inscrire dans la dur\u00e9e pour que le secteur priv\u00e9 puisse compter sur des conditions pr\u00e9visibles et sur des politiques qui lui permettent d&rsquo;investir dans les \u00e9nergies propres et des solutions r\u00e9sistantes aux changements climatiques.<\/p>\n<p>Troisi\u00e8mement, il doit \u00eatre souple pour que des mesures d&rsquo;incitation et des cibles ambitieuses, fix\u00e9es par les pays eux-m\u00eames en fonction des donn\u00e9es scientifiques, puissent \u00eatre incorpor\u00e9es au fur et \u00e0 mesure.<\/p>\n<p>Quatri\u00e8mement, il doit reposer sur le principe de l&rsquo;\u00e9quit\u00e9, aider les pays en d\u00e9veloppement \u00e0 s&rsquo;adapter et pr\u00e9voir des mesures de solidarit\u00e9 avec les pays les plus pauvres et les plus vuln\u00e9rables.<\/p>\n<p>Cinqui\u00e8mement, il doit pr\u00e9voir des m\u00e9canismes cr\u00e9dibles et bien d\u00e9finis permettant de mesurer les progr\u00e8s accomplis sur toute une s\u00e9rie de fronts, d&rsquo;en assurer le suivi et de communiquer des informations transparentes sur ce qui a \u00e9t\u00e9 fait.<\/p>\n<p>Et sixi\u00e8mement, des moyens de financement cr\u00e9dibles doivent \u00eatre mis en place. \u00ab Il est imp\u00e9ratif que les pays d\u00e9velopp\u00e9s donnent, avant la conf\u00e9rence de Paris, des \u00e9claircissements concernant la part des 100 milliards de dollars qui proviendra de fonds publics, et ce qu&rsquo;ils feront pour mobiliser des fonds priv\u00e9s \u00bb, a dit le Secr\u00e9taire g\u00e9n\u00e9ral, ajoutant qu&rsquo;il travaillait \u00ab avec les dirigeants des pays du Nord et du Sud pour \u00eatre s\u00fbr que cet objectif sera atteint d&rsquo;une fa\u00e7on que tous jugent cr\u00e9dible \u00bb.<\/p>\n<p>\u00ab L&rsquo;accord devra aussi tenir compte du fait que des ressources consid\u00e9rables seront n\u00e9cessaires \u00e0 long terme, bien au-del\u00e0 de 2020 \u00bb, a-t-il encore dit. \u00ab Le Fonds vert pour le climat doit \u00eatre op\u00e9rationnel et des ressources doivent pouvoir \u00eatre d\u00e9bours\u00e9es avant la conf\u00e9rence de Paris \u00bb.<\/p>\n<p><a href=\"https:\/\/www.un.org\/apps\/newsFr\/storyF.asp?NewsID=35424#.Vd9wBflVhBc\">Via le Centre d&rsquo;actualit\u00e9s de l&rsquo;ONU<\/a><\/p>\n","protected":false},"excerpt":{"rendered":"<p>26 ao\u00fbt 2015 \u2013 A l&rsquo;occasion d&rsquo;une visite \u00e0 Paris, en France, le Secr\u00e9taire g\u00e9n\u00e9ral de l&rsquo;ONU, Ban Ki-moon, s&rsquo;est dit mercredi prudemment optimiste concernant les efforts mondiaux pour lutter contre le changement climatique, alors qu&rsquo;un Sommet sur le climat doit se d\u00e9rouler dans la capitale fran\u00e7aise \u00e0 la fin de l&rsquo;ann\u00e9e.<\/p>\n","protected":false},"author":136,"featured_media":3526,"comment_status":"closed","ping_status":"closed","sticky":false,"template":"","format":"standard","meta":{"_et_pb_use_builder":"","_et_pb_old_content":"","_et_gb_content_width":"","footnotes":""},"categories":[16,5],"tags":[],"class_list":["post-3521","post","type-post","status-publish","format-standard","has-post-thumbnail","hentry","category-news","category-climate-change"],"_links":{"self":[{"href":"https:\/\/www.un.org\/sustainabledevelopment\/fr\/wp-json\/wp\/v2\/posts\/3521","targetHints":{"allow":["GET"]}}],"collection":[{"href":"https:\/\/www.un.org\/sustainabledevelopment\/fr\/wp-json\/wp\/v2\/posts"}],"about":[{"href":"https:\/\/www.un.org\/sustainabledevelopment\/fr\/wp-json\/wp\/v2\/types\/post"}],"author":[{"embeddable":true,"href":"https:\/\/www.un.org\/sustainabledevelopment\/fr\/wp-json\/wp\/v2\/users\/136"}],"replies":[{"embeddable":true,"href":"https:\/\/www.un.org\/sustainabledevelopment\/fr\/wp-json\/wp\/v2\/comments?post=3521"}],"version-history":[{"count":0,"href":"https:\/\/www.un.org\/sustainabledevelopment\/fr\/wp-json\/wp\/v2\/posts\/3521\/revisions"}],"wp:featuredmedia":[{"embeddable":true,"href":"https:\/\/www.un.org\/sustainabledevelopment\/fr\/wp-json\/wp\/v2\/media\/3526"}],"wp:attachment":[{"href":"https:\/\/www.un.org\/sustainabledevelopment\/fr\/wp-json\/wp\/v2\/media?parent=3521"}],"wp:term":[{"taxonomy":"category","embeddable":true,"href":"https:\/\/www.un.org\/sustainabledevelopment\/fr\/wp-json\/wp\/v2\/categories?post=3521"},{"taxonomy":"post_tag","embeddable":true,"href":"https:\/\/www.un.org\/sustainabledevelopment\/fr\/wp-json\/wp\/v2\/tags?post=3521"}],"curies":[{"name":"wp","href":"https:\/\/api.w.org\/{rel}","templated":true}]}}