  {"id":398,"date":"2015-01-15T21:44:27","date_gmt":"2015-01-15T21:44:27","guid":{"rendered":"http:\/\/www.un.org\/sustainabledevelopment\/?p=398"},"modified":"2017-11-13T12:33:47","modified_gmt":"2017-11-13T17:33:47","slug":"un-barbershop-conference-aims-dispel-stereotypes-promote-gender-equality","status":"publish","type":"post","link":"https:\/\/www.un.org\/sustainabledevelopment\/fr\/2015\/01\/15\/un-barbershop-conference-aims-dispel-stereotypes-promote-gender-equality\/","title":{"rendered":"Les hommes doivent prendre part \u00e0 la lutte pour l&rsquo;\u00e9galit\u00e9 des sexes, affirment des responsables de l&rsquo;ONU"},"content":{"rendered":"<p>A l&rsquo;occasion d&rsquo;un \u00e9v\u00e8nement \u00e0 New York destin\u00e9 \u00e0 promouvoir l&rsquo;\u00e9galit\u00e9 des sexes, plusieurs hauts responsables des Nations Unies ont appel\u00e9 jeudi les hommes \u00e0 prendre plus activement part \u00e0 ce combat.<\/p>\n<p>Lanc\u00e9e sous l&rsquo;impulsion de l&rsquo;Islande et du Suriname dans le cadre d&rsquo;une r\u00e9union de haut-niveau organis\u00e9e les 14 et 15 janvier au Si\u00e8ge des Nations Unies, l&rsquo;initiative \u00ab Barbershop Conference \u00bb avait pour objectif de changer la fa\u00e7on dont les hommes parlent et expriment leur engagement en faveur de l&rsquo;\u00e9galit\u00e9 des sexes.<\/p>\n<p>A cette occasion, des dignitaires de l&rsquo;ONU, des hauts responsables internationaux et des experts sur des questions vari\u00e9es \u00e9taient encourag\u00e9s \u00e0 partager leur propre exp\u00e9rience sur le th\u00e8me de l&rsquo;\u00e9galit\u00e9 des sexes et \u00e0 manifester leur engagement en faveur de HeForShe, une campagne de solidarit\u00e9 pour la r\u00e9duction des in\u00e9galit\u00e9s entre hommes et femmes \u00e0 l&rsquo;initiative d&rsquo;ONU-Femmes.<\/p>\n<p>\u00ab Cette initiative &lsquo;Barbershop Conference&rsquo; vise \u00e0 nous remettre en question, pour que nous nous d\u00e9barrassions de nos clich\u00e9s et changions nos comportements \u00bb, a d\u00e9clar\u00e9 le Vice-Secr\u00e9taire g\u00e9n\u00e9ral des Nations Unies, Jan Eliasson, dans un discours prononc\u00e9 \u00e0 cette occasion. \u00ab Fondamentalement, il s&rsquo;agit de faire de l&rsquo;\u00e9galit\u00e9 des sexes une cause aussi bien pour les hommes que pour les femmes \u00bb.<\/p>\n<p>\u00ab Historiquement, les femmes et les filles ont \u00e9t\u00e9 les fers de lance de la lutte contre les in\u00e9galit\u00e9s entre les sexes \u00bb, a d\u00e9clar\u00e9 le 69i\u00e8me Pr\u00e9sident de l&rsquo;Assembl\u00e9e g\u00e9n\u00e9rale de l&rsquo;ONU, Sam Kutesa, \u00e9galement pr\u00e9sent \u00e0 l&rsquo;\u00e9v\u00e8nement. \u00ab De plus en plus, cependant, le monde est forc\u00e9 de reconna\u00eetre que pour atteindre l&rsquo;\u00e9galit\u00e9 des sexes, nous avons besoin de la participation active de tous les segments de la soci\u00e9t\u00e9 et que les hommes et les gar\u00e7ons ont un r\u00f4le crucial \u00e0 jouer \u00bb.<\/p>\n<p>\u00ab Comme je l&rsquo;ai dit lors de l&rsquo;\u00e9v\u00e9nement HeForShe, les vrais hommes ne craignent pas les femmes \u00bb, a ajout\u00e9 M. Kutesa. \u00ab Si vous voulez \u00eatre appel\u00e9 un &lsquo;vrai homme&rsquo;, ne tirez pas votre force de l&rsquo;oppression des femmes \u00bb.<\/p>\n<p>\u00ab Des zones de conflit \u00e0 la maison, un tr\u00e8s grand nombre de femmes et de filles sont confront\u00e9es \u00e0 des niveaux inacceptables de violences et d&rsquo;abus \u00bb, a quant \u00e0 lui d\u00e9clar\u00e9 M. Eliasson, abordant la question de la violence envers les femmes. \u00ab Cet affront \u00e0 la dignit\u00e9 humaine doit prendre fin \u00bb.<\/p>\n<p>\u00ab Le Secr\u00e9taire g\u00e9n\u00e9ral, Ban Ki-moon, et moi-m\u00eame sommes convaincus que ce si\u00e8cle doit \u00eatre celui des femmes et des filles \u00bb, a poursuivi le Vice-Secr\u00e9taire g\u00e9n\u00e9ral, ajoutant que la proportion de femmes parlementaires dans le monde avait presque doubl\u00e9e en l&rsquo;espace de deux d\u00e9cennies. \u00ab Mais apr\u00e8s 20 ans, nous en sommes encore \u00e0 seulement \u00e0 1 femme sur 5 repr\u00e9sentants \u2013 ce n&rsquo;est pas suffisant \u00bb, a-t-il ajout\u00e9.<\/p>\n<p>\u00ab S&rsquo;agissant de la repr\u00e9sentation politique et de l&rsquo;autonomisation \u00e9conomique des femmes, il existe encore bien des lacunes dans les dispositions constitutionnelles et l\u00e9gislatives actuelles \u2013 m\u00eame si presque tous les pays ont ratifi\u00e9 la Convention sur l&rsquo;\u00e9limination de toutes les formes de discrimination \u00e0 l&rsquo;\u00e9gard des femmes \u00bb, a regrett\u00e9 M. Eliasson. \u00ab Atteindre cet \u00e9quilibre suppose que nous \u2013 et par nous, je veux dire les hommes \u2013 jouions un r\u00f4le plus important dans la r\u00e9alisation de ce changement transformationnel n\u00e9cessaire \u00bb.<\/p>\n<p><a href=\"https:\/\/www.un.org\/apps\/newsFr\/storyF.asp?NewsID=34071&amp;Kw1=barbershop&amp;Kw2=&amp;Kw3=#.VPjQuvnF9Q0\">via le Centre d&rsquo;actualit\u00e9s de l&rsquo;ONU<\/a><\/p>\n","protected":false},"excerpt":{"rendered":"<p>A l&rsquo;occasion d&rsquo;un \u00e9v\u00e9nement \u00e0 New York destin\u00e9 \u00e0 promouvoir l&rsquo;\u00e9galit\u00e9 des sexes, plusieurs hauts responsables des Nations Unies ont appel\u00e9 jeudi les hommes \u00e0 prendre plus activement part \u00e0 ce combat.<\/p>\n","protected":false},"author":136,"featured_media":399,"comment_status":"closed","ping_status":"closed","sticky":false,"template":"","format":"standard","meta":{"_et_pb_use_builder":"","_et_pb_old_content":"","_et_gb_content_width":"","footnotes":""},"categories":[16,10],"tags":[],"class_list":["post-398","post","type-post","status-publish","format-standard","has-post-thumbnail","hentry","category-news","category-gender-equality"],"_links":{"self":[{"href":"https:\/\/www.un.org\/sustainabledevelopment\/fr\/wp-json\/wp\/v2\/posts\/398","targetHints":{"allow":["GET"]}}],"collection":[{"href":"https:\/\/www.un.org\/sustainabledevelopment\/fr\/wp-json\/wp\/v2\/posts"}],"about":[{"href":"https:\/\/www.un.org\/sustainabledevelopment\/fr\/wp-json\/wp\/v2\/types\/post"}],"author":[{"embeddable":true,"href":"https:\/\/www.un.org\/sustainabledevelopment\/fr\/wp-json\/wp\/v2\/users\/136"}],"replies":[{"embeddable":true,"href":"https:\/\/www.un.org\/sustainabledevelopment\/fr\/wp-json\/wp\/v2\/comments?post=398"}],"version-history":[{"count":0,"href":"https:\/\/www.un.org\/sustainabledevelopment\/fr\/wp-json\/wp\/v2\/posts\/398\/revisions"}],"wp:featuredmedia":[{"embeddable":true,"href":"https:\/\/www.un.org\/sustainabledevelopment\/fr\/wp-json\/wp\/v2\/media\/399"}],"wp:attachment":[{"href":"https:\/\/www.un.org\/sustainabledevelopment\/fr\/wp-json\/wp\/v2\/media?parent=398"}],"wp:term":[{"taxonomy":"category","embeddable":true,"href":"https:\/\/www.un.org\/sustainabledevelopment\/fr\/wp-json\/wp\/v2\/categories?post=398"},{"taxonomy":"post_tag","embeddable":true,"href":"https:\/\/www.un.org\/sustainabledevelopment\/fr\/wp-json\/wp\/v2\/tags?post=398"}],"curies":[{"name":"wp","href":"https:\/\/api.w.org\/{rel}","templated":true}]}}