  {"id":3986,"date":"2015-09-21T19:32:24","date_gmt":"2015-09-21T19:32:24","guid":{"rendered":"http:\/\/www.un.org\/sustainabledevelopment\/fr\/?p=3986"},"modified":"2017-11-13T12:32:59","modified_gmt":"2017-11-13T17:32:59","slug":"la-protection-sociale-pour-tous-va-changer-la-vie-des-gens-dici-a-2030","status":"publish","type":"post","link":"https:\/\/www.un.org\/sustainabledevelopment\/fr\/2015\/09\/21\/la-protection-sociale-pour-tous-va-changer-la-vie-des-gens-dici-a-2030\/","title":{"rendered":"La protection sociale pour tous va changer la vie des gens d\u2019ici \u00e0 2030"},"content":{"rendered":"<p>Organisation internationale du Travail &#8212;\u00a0Imaginez un monde o\u00f9 toutes les personnes \u00e2g\u00e9es touchent une pension de retraite un monde o\u00f9 toutes les personnes lourdement handicap\u00e9es re\u00e7oivent une allocation pour vivre dignement.<\/p>\n<p>Imaginez un monde o\u00f9 toutes les femmes b\u00e9n\u00e9ficient de prestations de maternit\u00e9 et d\u2019allocations familiales pour que les enfants puissent manger, \u00e9tudier et jouer un monde o\u00f9 l\u2019on vient en aide aux pauvres et aux ch\u00f4meurs. Un monde o\u00f9 personne n\u2019est laiss\u00e9 pour compte. Voil\u00e0 le monde que nous voulons pour 2030. Un monde sans pauvret\u00e9, avec moins d\u2019in\u00e9galit\u00e9s, un monde o\u00f9 la protection sociale est offerte \u00e0 tous.<\/p>\n<p>Ce monde est possible. Ces derni\u00e8res ann\u00e9es, d\u2019immenses progr\u00e8s ont \u00e9t\u00e9 accomplis pour d\u00e9velopper des syst\u00e8mes de protection sociale. De nombreux pays en d\u00e9veloppement sont parvenus \u00e0 une couverture universelle ou quasi universelle pour tous. Il s\u2019agit de continuer dans cette voie.<\/p>\n<p>Alors que la communaut\u00e9 internationale s\u2019appr\u00eate \u00e0 adopter officiellement les 17 Objectifs de d\u00e9veloppement durable (ODD), Isabel Ortiz explique <a href=\"http:\/\/www.ilo.org\/global\/about-the-ilo\/newsroom\/comment-analysis\/WCMS_405779\/lang--fr\/index.htm\">pourquoi la protection sociale constitue un \u00e9l\u00e9ment cl\u00e9 du nouvel agenda mondial du d\u00e9veloppement<\/a>.<\/p>\n<p>&nbsp;<\/p>\n","protected":false},"excerpt":{"rendered":"<p>Organisation internationale du Travail &#8212;\u00a0Imaginez un monde o\u00f9 toutes les  [&#8230;]<\/p>\n","protected":false},"author":136,"featured_media":3991,"comment_status":"closed","ping_status":"closed","sticky":false,"template":"","format":"standard","meta":{"_et_pb_use_builder":"","_et_pb_old_content":"","_et_gb_content_width":"","footnotes":""},"categories":[16,31,13,46],"tags":[],"class_list":["post-3986","post","type-post","status-publish","format-standard","has-post-thumbnail","hentry","category-news","category-developpement-durable","category-inequality","category-objectifs-de-developpement-durable"],"_links":{"self":[{"href":"https:\/\/www.un.org\/sustainabledevelopment\/fr\/wp-json\/wp\/v2\/posts\/3986","targetHints":{"allow":["GET"]}}],"collection":[{"href":"https:\/\/www.un.org\/sustainabledevelopment\/fr\/wp-json\/wp\/v2\/posts"}],"about":[{"href":"https:\/\/www.un.org\/sustainabledevelopment\/fr\/wp-json\/wp\/v2\/types\/post"}],"author":[{"embeddable":true,"href":"https:\/\/www.un.org\/sustainabledevelopment\/fr\/wp-json\/wp\/v2\/users\/136"}],"replies":[{"embeddable":true,"href":"https:\/\/www.un.org\/sustainabledevelopment\/fr\/wp-json\/wp\/v2\/comments?post=3986"}],"version-history":[{"count":0,"href":"https:\/\/www.un.org\/sustainabledevelopment\/fr\/wp-json\/wp\/v2\/posts\/3986\/revisions"}],"wp:featuredmedia":[{"embeddable":true,"href":"https:\/\/www.un.org\/sustainabledevelopment\/fr\/wp-json\/wp\/v2\/media\/3991"}],"wp:attachment":[{"href":"https:\/\/www.un.org\/sustainabledevelopment\/fr\/wp-json\/wp\/v2\/media?parent=3986"}],"wp:term":[{"taxonomy":"category","embeddable":true,"href":"https:\/\/www.un.org\/sustainabledevelopment\/fr\/wp-json\/wp\/v2\/categories?post=3986"},{"taxonomy":"post_tag","embeddable":true,"href":"https:\/\/www.un.org\/sustainabledevelopment\/fr\/wp-json\/wp\/v2\/tags?post=3986"}],"curies":[{"name":"wp","href":"https:\/\/api.w.org\/{rel}","templated":true}]}}