  {"id":4041,"date":"2015-09-27T19:22:15","date_gmt":"2015-09-27T19:22:15","guid":{"rendered":"http:\/\/www.un.org\/sustainabledevelopment\/fr\/?p=4041"},"modified":"2017-11-13T12:32:57","modified_gmt":"2017-11-13T17:32:57","slug":"lonu-appelle-a-legalite-des-sexes-partout-dans-le-monde-condition-necessaire-a-la-realisation-des-odd","status":"publish","type":"post","link":"https:\/\/www.un.org\/sustainabledevelopment\/fr\/2015\/09\/27\/lonu-appelle-a-legalite-des-sexes-partout-dans-le-monde-condition-necessaire-a-la-realisation-des-odd\/","title":{"rendered":"L\u2019ONU appelle \u00e0 l\u2019\u00e9galit\u00e9 des sexes partout dans le monde, condition n\u00e9cessaire \u00e0 la r\u00e9alisation des ODD"},"content":{"rendered":"<p>Le Secr\u00e9taire g\u00e9n\u00e9ral de l\u2019ONU, Ban Ki-moon, a appel\u00e9 dimanche les dirigeants du monde \u00e0 faire de l\u2019\u00e9galit\u00e9 des sexes une priorit\u00e9 nationale dans leurs pays respectifs, condition n\u00e9cessaire, selon lui, \u00e0 la r\u00e9ussite des Objectifs de d\u00e9veloppement durable (ODD) \u00e0 l\u2019horizon 2030 adopt\u00e9s vendredi.<\/p>\n<p>\u00ab Beaucoup trop de femmes et de filles continuent de faire l\u2019objet de discriminations, d\u2019\u00eatre soumises \u00e0 des violences, de se voir d\u00e9nier une \u00e9galit\u00e9 de chances en mati\u00e8re d\u2019\u00e9ducation et d\u2019emploi et d\u2019\u00eatre exclues de postes de commandement et de d\u00e9cision \u00bb, a d\u00e9plor\u00e9 M. Ban lors d\u2019une r\u00e9union de haut niveau sur l\u2019\u00e9galit\u00e9 des sexes et l\u2019autonomisation des femmes, en marge du Sommet sur le d\u00e9veloppement durable.<\/p>\n<p>\u00ab Nous ne pourrons pas r\u00e9ussir notre Programme de d\u00e9veloppement durable \u00e0 l\u2019horizon 2030 sans accorder \u00e0 la moiti\u00e9 de la population du monde des droits \u00e9gaux et complets, dans la loi et dans la pratique \u00bb, a-t-il affirm\u00e9.<\/p>\n<p>\u00ab Aujourd\u2019hui, j\u2019appelle tous les dirigeants \u00e0 prendre des engagements concrets afin d\u2019assurer une v\u00e9ritable \u00e9galit\u00e9 des sexes partout dans le monde \u00bb, a lanc\u00e9 M. Ban, pr\u00e9cisant que de tels engagements comporteraient cinq imp\u00e9ratifs :<\/p>\n<p>&#8211; S\u2019attaquer d\u2019urgence aux barri\u00e8res structurelles, telles que l\u2019in\u00e9galit\u00e9 en mati\u00e8re de salaires.<\/p>\n<p>&#8211; Reconna\u00eetre et all\u00e9ger la charge du travail domestique non r\u00e9mun\u00e9r\u00e9 assur\u00e9 par les femmes.<\/p>\n<p>&#8211; Reconna\u00eetre le droit des femmes et des filles \u00e0 g\u00e9rer elles-m\u00eames leur sant\u00e9 sexuelle et reproductive.<\/p>\n<p>&#8211; Mettre fin aux violences \u00e0 l\u2019encontre des femmes et des filles, et<\/p>\n<p>&#8211; Assurer aux femmes une \u00e9galit\u00e9 en termes de participation politique et de repr\u00e9sentation dans les efforts humanitaires, la r\u00e9solution des conflits et la consolidation de la paix.<\/p>\n<p>Souhaitant l\u2019av\u00e8nement d\u2019ici \u00e0 2030 d\u2019une \u00ab plan\u00e8te \u00e0 50\/50 \u00bb, M . Ban a dit aux chefs d\u2019Etat et de gouvernement : \u00ab Vous avez le pouvoir et la responsabilit\u00e9 d\u2019assurer que l\u2019\u00e9galit\u00e9 des sexes soit \u2013 et demeure \u2013 une priorit\u00e9 nationale \u00bb. Pour cela, a-t-il pr\u00e9cis\u00e9, ils devront \u00ab cr\u00e9er et mettre \u00e9nergiquement en \u0153uvre des politiques coh\u00e9rentes en faveur de l\u2019\u00e9galit\u00e9 des sexes \u00bb, accorder \u00ab un financement ad\u00e9quat \u00bb \u00e0 cette cause et \u00ab superviser les progr\u00e8s afin que tous les gouvernements se responsabilisent eux-m\u00eames et mutuellement \u00bb.<\/p>\n<p>Ban a \u00e9galement appel\u00e9 le secteur priv\u00e9 \u00e0 agir de mani\u00e8re d\u00e9cisive pour \u00ab promouvoir l\u2019\u00e9galit\u00e9 des sexes dans les conseils d\u2019administration et sur les lieux de travail \u00bb.<\/p>\n<p>La r\u00e9union \u00e9tait co-organis\u00e9e par le Gouvernement chinois et l\u2019agence de l\u2019ONU charg\u00e9e de promouvoir les droits des femmes, ONU-Femmes.<\/p>\n<p>Parmi les participants, figuraient le Pr\u00e9sident chinois Xi Jinping, la Chanceli\u00e8re allemande Angela Merkel, les Pr\u00e9sidents du Kenya Uhuru Kenyatta et du Mexique Enrique Pena Nieto, la Premi\u00e8re ministre du Bangladesh Sheikh Hasina et la Directrice ex\u00e9cutive d\u2019ONU-Femmes, Phumzile Mlambo-Ngcuka.<\/p>\n<p>&amp;ampnbsp<\/p>\n","protected":false},"excerpt":{"rendered":"<p>Le Secr\u00e9taire g\u00e9n\u00e9ral de l\u2019ONU, Ban Ki-moon, a appel\u00e9 dimanche  [&#8230;]<\/p>\n","protected":false},"author":136,"featured_media":4046,"comment_status":"closed","ping_status":"closed","sticky":false,"template":"","format":"standard","meta":{"_et_pb_use_builder":"","_et_pb_old_content":"","_et_gb_content_width":"","footnotes":""},"categories":[16,31,10,49,46,55,131],"tags":[],"class_list":["post-4041","post","type-post","status-publish","format-standard","has-post-thumbnail","hentry","category-news","category-developpement-durable","category-gender-equality","category-emancipation-des-femmes","category-objectifs-de-developpement-durable","category-programme-de-developpement-durable","category-summit-highlight"],"_links":{"self":[{"href":"https:\/\/www.un.org\/sustainabledevelopment\/fr\/wp-json\/wp\/v2\/posts\/4041","targetHints":{"allow":["GET"]}}],"collection":[{"href":"https:\/\/www.un.org\/sustainabledevelopment\/fr\/wp-json\/wp\/v2\/posts"}],"about":[{"href":"https:\/\/www.un.org\/sustainabledevelopment\/fr\/wp-json\/wp\/v2\/types\/post"}],"author":[{"embeddable":true,"href":"https:\/\/www.un.org\/sustainabledevelopment\/fr\/wp-json\/wp\/v2\/users\/136"}],"replies":[{"embeddable":true,"href":"https:\/\/www.un.org\/sustainabledevelopment\/fr\/wp-json\/wp\/v2\/comments?post=4041"}],"version-history":[{"count":0,"href":"https:\/\/www.un.org\/sustainabledevelopment\/fr\/wp-json\/wp\/v2\/posts\/4041\/revisions"}],"wp:featuredmedia":[{"embeddable":true,"href":"https:\/\/www.un.org\/sustainabledevelopment\/fr\/wp-json\/wp\/v2\/media\/4046"}],"wp:attachment":[{"href":"https:\/\/www.un.org\/sustainabledevelopment\/fr\/wp-json\/wp\/v2\/media?parent=4041"}],"wp:term":[{"taxonomy":"category","embeddable":true,"href":"https:\/\/www.un.org\/sustainabledevelopment\/fr\/wp-json\/wp\/v2\/categories?post=4041"},{"taxonomy":"post_tag","embeddable":true,"href":"https:\/\/www.un.org\/sustainabledevelopment\/fr\/wp-json\/wp\/v2\/tags?post=4041"}],"curies":[{"name":"wp","href":"https:\/\/api.w.org\/{rel}","templated":true}]}}