  {"id":4066,"date":"2015-09-26T19:29:44","date_gmt":"2015-09-26T19:29:44","guid":{"rendered":"http:\/\/www.un.org\/sustainabledevelopment\/fr\/?p=4066"},"modified":"2017-11-13T12:32:58","modified_gmt":"2017-11-13T17:32:58","slug":"lonu-appelle-les-jeunes-a-contribuer-a-leradication-de-la-faim-dici-2030","status":"publish","type":"post","link":"https:\/\/www.un.org\/sustainabledevelopment\/fr\/2015\/09\/26\/lonu-appelle-les-jeunes-a-contribuer-a-leradication-de-la-faim-dici-2030\/","title":{"rendered":"L\u2019ONU appelle les jeunes \u00e0 contribuer \u00e0 l\u2019\u00e9radication de la faim d\u2019ici 2030"},"content":{"rendered":"<p>Plusieurs hauts responsables des Nations Unies ont appel\u00e9 samedi les jeunes du monde entier \u00e0 prendre fait et cause pour l\u2019\u00e9radication de la faim, le renforcement de la s\u00e9curit\u00e9 alimentaire et l\u2019am\u00e9lioration de la nutrition dans le cadre de la mise en \u0153uvre du nouveau programme de d\u00e9veloppement durable des Nations Unies.<\/p>\n<p>Cet appel est intervenu lors d\u2019une r\u00e9union de haut niveau, intitul\u00e9e \u2018Mobilizing Generation Zero Hunger\u2019 (\u2018Mobiliser la g\u00e9n\u00e9ration z\u00e9ro faim\u2019), organis\u00e9e dans le cadre du Sommet du d\u00e9veloppement durable qui se d\u00e9roulait du 25 au 27 septembre au si\u00e8ge de l\u2019ONU \u00e0 New York.<\/p>\n<p>La veille, le Sommet s\u2019\u00e9tait ouvert sur l\u2019adoption par les 193 Etats membres de l\u2019ONU du nouveau Programme de d\u00e9veloppement durable \u00e0 l\u2019horizon 2030 et de ses 17 Objectifs de d\u00e9veloppement durable (ODD), con\u00e7us pour parachever au cours des 15 prochaines ann\u00e9es les efforts entam\u00e9s dans le cadre des Objectifs du Mill\u00e9naire pour le d\u00e9veloppement (<a href=\"https:\/\/www.un.org\/fr\/millenniumgoals\/\">OMD<\/a>).<\/p>\n<p>\u00ab L\u2019objectif global d\u2019\u00e9radiquer la faim, d\u2019assurer la s\u00e9curit\u00e9 alimentaire et d\u2019am\u00e9liorer la nutrition est l\u2019un des plus critiques \u00bb, a d\u00e9clar\u00e9 lors de l\u2019\u00e9v\u00e8nement le Pr\u00e9sident de l\u2019Assembl\u00e9e g\u00e9n\u00e9rale de l\u2019ONU, Mogens Lykketoft, en r\u00e9f\u00e9rence \u00e0 l\u2019ODD N\u00b02.<\/p>\n<p>Co-organis\u00e9e par l\u2019Organisation des Nations Unies pour l\u2019alimentation et l\u2019agriculture (<a href=\"http:\/\/www.fao.org\/index_fr.htm\">FAO<\/a>), le Fonds international de d\u00e9veloppement agricole (FIDA), le Programme alimentaire mondial (<a href=\"http:\/\/fr.wfp.org\/\">PAM<\/a>) et le gouvernement de l\u2019Irlande, cette r\u00e9union de haut niveau r\u00e9unissait des jeunes entrepreneurs et des militants du monde entier, ainsi que des dirigeants et des c\u00e9l\u00e9brit\u00e9s, telles que le footballeur br\u00e9silien et ambassadeur du PAM contre la faim, Kak\u00e1, pour tenter de mobiliser la g\u00e9n\u00e9ration actuelle autour cet objectif.<\/p>\n<p>\u00ab Alors que le nombre de personnes souffrant de la faim dans les r\u00e9gions en d\u00e9veloppement a diminu\u00e9 de moiti\u00e9 depuis 1990, il y a encore pr\u00e8s de 800 millions de personnes sous-aliment\u00e9es dans le monde, en majorit\u00e9 des enfants et des jeunes \u00bb, a not\u00e9 M. Lykketoft.<\/p>\n<p>\u00abLes gens doivent se d\u00e9velopper eux-m\u00eames. Le d\u00e9veloppement ne viendra pas \u00e0 eux. S\u2019ils ne prennent pas leur responsabilit\u00e9s et attendent que quelqu\u2019un d\u2019autre viennent d\u00e9velopper, alors l\u2019objectif \u2018z\u00e9ro faim\u2019 restera un r\u00eave \u00bb, a d\u00e9clar\u00e9 de son c\u00f4t\u00e9 le Pr\u00e9sident du FIDA, Kanayo F. Nwanze.<\/p>\n<p>Egalement pr\u00e9sent \u00e0 l\u2019\u00e9v\u00e8nement, Victor Ochen, nomin\u00e9 pour prix Nobel de la Paix 2015, a expliqu\u00e9 que, durant son enfance, il avait surv\u00e9cu pendant sept ans avec un seul repas par jour. Prenant appui sur cette exp\u00e9rience difficile, il a appel\u00e9 les jeunes du monde entier \u00e0 s\u2019engager en faveur de la r\u00e9alisation de l\u2019ODD N\u00b02.<\/p>\n<p>&amp;nbsp<\/p>\n","protected":false},"excerpt":{"rendered":"<p>Plusieurs hauts responsables des Nations Unies ont appel\u00e9 samedi les  [&#8230;]<\/p>\n","protected":false},"author":136,"featured_media":4071,"comment_status":"closed","ping_status":"closed","sticky":false,"template":"","format":"standard","meta":{"_et_pb_use_builder":"","_et_pb_old_content":"","_et_gb_content_width":"","footnotes":""},"categories":[16,12,46,15],"tags":[],"class_list":["post-4066","post","type-post","status-publish","format-standard","has-post-thumbnail","hentry","category-news","category-hunger","category-objectifs-de-developpement-durable","category-mdgs"],"_links":{"self":[{"href":"https:\/\/www.un.org\/sustainabledevelopment\/fr\/wp-json\/wp\/v2\/posts\/4066","targetHints":{"allow":["GET"]}}],"collection":[{"href":"https:\/\/www.un.org\/sustainabledevelopment\/fr\/wp-json\/wp\/v2\/posts"}],"about":[{"href":"https:\/\/www.un.org\/sustainabledevelopment\/fr\/wp-json\/wp\/v2\/types\/post"}],"author":[{"embeddable":true,"href":"https:\/\/www.un.org\/sustainabledevelopment\/fr\/wp-json\/wp\/v2\/users\/136"}],"replies":[{"embeddable":true,"href":"https:\/\/www.un.org\/sustainabledevelopment\/fr\/wp-json\/wp\/v2\/comments?post=4066"}],"version-history":[{"count":0,"href":"https:\/\/www.un.org\/sustainabledevelopment\/fr\/wp-json\/wp\/v2\/posts\/4066\/revisions"}],"wp:featuredmedia":[{"embeddable":true,"href":"https:\/\/www.un.org\/sustainabledevelopment\/fr\/wp-json\/wp\/v2\/media\/4071"}],"wp:attachment":[{"href":"https:\/\/www.un.org\/sustainabledevelopment\/fr\/wp-json\/wp\/v2\/media?parent=4066"}],"wp:term":[{"taxonomy":"category","embeddable":true,"href":"https:\/\/www.un.org\/sustainabledevelopment\/fr\/wp-json\/wp\/v2\/categories?post=4066"},{"taxonomy":"post_tag","embeddable":true,"href":"https:\/\/www.un.org\/sustainabledevelopment\/fr\/wp-json\/wp\/v2\/tags?post=4066"}],"curies":[{"name":"wp","href":"https:\/\/api.w.org\/{rel}","templated":true}]}}