  {"id":4601,"date":"2015-11-30T11:11:41","date_gmt":"2015-11-30T11:11:41","guid":{"rendered":"http:\/\/www.un.org\/sustainabledevelopment\/fr\/?p=4601"},"modified":"2017-11-13T12:32:48","modified_gmt":"2017-11-13T17:32:48","slug":"a-louverture-de-la-cop21-ban-ki-moon-souligne-quune-telle-conjoncture-politique-ne-se-presentera-peut-etre-plus-2","status":"publish","type":"post","link":"https:\/\/www.un.org\/sustainabledevelopment\/fr\/2015\/11\/30\/a-louverture-de-la-cop21-ban-ki-moon-souligne-quune-telle-conjoncture-politique-ne-se-presentera-peut-etre-plus-2\/","title":{"rendered":"A l&rsquo;ouverture de la COP21, Ban Ki-moon souligne qu&rsquo;une &lsquo;telle conjoncture politique ne se pr\u00e9sentera peut-\u00eatre plus&rsquo;"},"content":{"rendered":"<p>30 novembre 2015 &#8211; A l&rsquo;ouverture du Sommet de Paris sur le climat (COP21), le Secr\u00e9taire g\u00e9n\u00e9ral de l&rsquo;ONU, Ban Ki-moon, a annonc\u00e9 \u00e0 plus de 150 chefs d&rsquo;\u00c9tats et de gouvernements qu&rsquo;une telle conjoncture politique ne se pr\u00e9sentera peut-\u00eatre plus.<\/p>\n<p>\u00ab Vous \u00eates ici aujourd&rsquo;hui pour \u00e9crire le sc\u00e9nario d&rsquo;un avenir nouveau, \u00bb a d\u00e9clar\u00e9 M. Ban dans ses remarques liminaires \u00e0 la conf\u00e9rence tenue au site Paris-Le Bourget au nord-est de la capitale fran\u00e7aise.<\/p>\n<p>\u00ab Jamais nous n&rsquo;avons \u00e9t\u00e9 ainsi mis \u00e0 l&rsquo;\u00e9preuve, \u00bb a-t-il ajout\u00e9. \u00ab Mais jamais non plus ne se sont ouvertes tant de perspectives. Il est en votre pouvoir d&rsquo;assurer le bien-\u00eatre de cette g\u00e9n\u00e9ration et de celles \u00e0 venir. \u00bb<\/p>\n<p>Aux cot\u00e9s du Pr\u00e9sident fran\u00e7ais Fran\u00e7ois Hollande, du Ministre fran\u00e7ais des affaires \u00e9trang\u00e8res Laurent Fabius, et de la Secr\u00e9taire ex\u00e9cutive de la Convention-Cadre des Nations Unies sur les Changements Climatiques (CCNUCC) Christiana Figueres, le chef de l&rsquo;ONU a rappel\u00e9 qu&rsquo;en septembre dernier, les dirigeants ont adopt\u00e9 un nouveau programme mobilisateur, avec des objectifs ambitieux pour tous, le programme de d\u00e9veloppement durable.<\/p>\n<p>\u00ab Vous avez montr\u00e9 votre d\u00e9termination \u00e0 agir pour le bien commun, \u00bb a-t-il soulign\u00e9. \u00ab L&rsquo;heure est venue d&rsquo;en faire \u00e0 nouveau la preuve. Je vous engage \u00e0 inviter vos n\u00e9gociateurs \u00e0 choisir la voie du compromis et du consensus. Il est dans l&rsquo;int\u00e9r\u00eat de chacun des pays repr\u00e9sent\u00e9s \u00e0 cette conf\u00e9rence de prendre des mesures audacieuses face aux changements climatiques \u00bb.<\/p>\n<p>Indiquant que Paris doit marquer un v\u00e9ritable tournant, M. Ban a insist\u00e9 aupr\u00e8s des dirigeants sur la n\u00e9cessit\u00e9 de \u00ab faire savoir \u00e0 la plan\u00e8te que nous nous dirigeons vers un avenir sobre en carbone, que nous serons r\u00e9silients face aux changements climatiques et que nous ne ferons pas demi-tour. \u00bb<\/p>\n<p>Avant la COP21, le CCNUCC\u2014l&rsquo;entit\u00e9 des Nations Unies qui organise la conf\u00e9rence\u2014a re\u00e7u environ 180 plans d&rsquo;action nationaux qui formeront la base d&rsquo;un accord sur le climat. Le nom formel de ces plans est Contributions pr\u00e9vues d\u00e9termin\u00e9es au niveau national (INDC).<\/p>\n<p>Le Secr\u00e9taire g\u00e9n\u00e9ral s&rsquo;est f\u00e9licit\u00e9 de ce succ\u00e8s, pr\u00e9cisant que ces plans nationaux couvrent pr\u00e8s de 100% des \u00e9missions \u00e0 l&rsquo;\u00e9chelle mondiale.<\/p>\n<p>\u00ab Ceci est un bon d\u00e9but, \u00bb a-t-il dit. \u00ab Mais il va falloir aller beaucoup plus loin et beaucoup plus vite, si nous voulons maintenir la hausse des temp\u00e9ratures sous la barre des 2 degr\u00e9s Celsius. \u00bb<\/p>\n<p>Selon les experts, m\u00eame une hausse de 2 degr\u00e9s aurait des cons\u00e9quences graves sur la s\u00e9curit\u00e9 alimentaire et hydrique, la stabilit\u00e9 \u00e9conomique et la paix internationale.<\/p>\n<p>Notant ce qui d\u00e9finirait le succ\u00e8s \u00e0 la COP21, M. Ban a expliqu\u00e9 que l&rsquo;accord devrait \u00eatre durable, dynamique, solidaire envers les populations les plus vuln\u00e9rables, et enfin, cr\u00e9dible.<\/p>\n<p>\u00ab Les pays d\u00e9velopp\u00e9s doivent honorer l&rsquo;engagement qu&rsquo;ils ont pris de mobiliser 100 milliards de dollars par an d&rsquo;ici \u00e0 2020. Le nouvel accord doit aussi comprendre un cadre unique et transparent permettant de mesurer, de suivre et de documenter les progr\u00e8s accomplis. Les pays qui ont peu de moyens devraient par ailleurs b\u00e9n\u00e9ficier d&rsquo;un soutien et d&rsquo;une plus grande marge de man\u0153uvre pour pouvoir satisfaire aux crit\u00e8res du nouveau syst\u00e8me. \u00bb<\/p>\n","protected":false},"excerpt":{"rendered":"<p>30 novembre 2015 &#8211; A l&rsquo;ouverture du Sommet de Paris  [&#8230;]<\/p>\n","protected":false},"author":146,"featured_media":4605,"comment_status":"closed","ping_status":"closed","sticky":false,"template":"","format":"standard","meta":{"_et_pb_use_builder":"","_et_pb_old_content":"","_et_gb_content_width":"","footnotes":""},"categories":[16,5],"tags":[],"class_list":["post-4601","post","type-post","status-publish","format-standard","has-post-thumbnail","hentry","category-news","category-climate-change"],"_links":{"self":[{"href":"https:\/\/www.un.org\/sustainabledevelopment\/fr\/wp-json\/wp\/v2\/posts\/4601","targetHints":{"allow":["GET"]}}],"collection":[{"href":"https:\/\/www.un.org\/sustainabledevelopment\/fr\/wp-json\/wp\/v2\/posts"}],"about":[{"href":"https:\/\/www.un.org\/sustainabledevelopment\/fr\/wp-json\/wp\/v2\/types\/post"}],"author":[{"embeddable":true,"href":"https:\/\/www.un.org\/sustainabledevelopment\/fr\/wp-json\/wp\/v2\/users\/146"}],"replies":[{"embeddable":true,"href":"https:\/\/www.un.org\/sustainabledevelopment\/fr\/wp-json\/wp\/v2\/comments?post=4601"}],"version-history":[{"count":0,"href":"https:\/\/www.un.org\/sustainabledevelopment\/fr\/wp-json\/wp\/v2\/posts\/4601\/revisions"}],"wp:featuredmedia":[{"embeddable":true,"href":"https:\/\/www.un.org\/sustainabledevelopment\/fr\/wp-json\/wp\/v2\/media\/4605"}],"wp:attachment":[{"href":"https:\/\/www.un.org\/sustainabledevelopment\/fr\/wp-json\/wp\/v2\/media?parent=4601"}],"wp:term":[{"taxonomy":"category","embeddable":true,"href":"https:\/\/www.un.org\/sustainabledevelopment\/fr\/wp-json\/wp\/v2\/categories?post=4601"},{"taxonomy":"post_tag","embeddable":true,"href":"https:\/\/www.un.org\/sustainabledevelopment\/fr\/wp-json\/wp\/v2\/tags?post=4601"}],"curies":[{"name":"wp","href":"https:\/\/api.w.org\/{rel}","templated":true}]}}