  {"id":4613,"date":"2015-11-29T11:00:49","date_gmt":"2015-11-29T11:00:49","guid":{"rendered":"http:\/\/www.un.org\/sustainabledevelopment\/fr\/?p=4613"},"modified":"2015-11-30T16:50:42","modified_gmt":"2015-11-30T16:50:42","slug":"entretien-ban-ki-moon-exhorte-tous-les-pays-a-agir-maintenant-sur-le-climat","status":"publish","type":"post","link":"https:\/\/www.un.org\/sustainabledevelopment\/fr\/2015\/11\/29\/entretien-ban-ki-moon-exhorte-tous-les-pays-a-agir-maintenant-sur-le-climat\/","title":{"rendered":"ENTRETIEN : Ban Ki-moon exhorte tous les pays \u00e0 agir maintenant sur le climat"},"content":{"rendered":"<p>29 novembre 2015 \u2013 A la veille de l&rsquo;ouverture de la Conf\u00e9rence des Nations Unies sur les changements climatiques (COP21), le Secr\u00e9taire g\u00e9n\u00e9ral de l&rsquo;ONU, Ban Ki-moon, a exhort\u00e9 dimanche tous les pays et tous les secteurs de la soci\u00e9t\u00e9 \u00e0 agir maintenant pour parvenir \u00e0 un nouvel accord universel sur le climat.<\/p>\n<p>\u00ab Je suis raisonnablement optimiste et convaincu que les dirigeants du monde vont adopter un accord universel tr\u00e8s ambitieux pour lutter contre les changements climatiques\u00bb, a d\u00e9clar\u00e9 M. Ban dans un entretien avec le Centre d&rsquo;actualit\u00e9s de l&rsquo;ONU au si\u00e8ge de l&rsquo;Ä¢¹½ÊÓÆµESCO \u00e0 Paris.<\/p>\n<p>\u00ab Nous avons travaill\u00e9 tr\u00e8s dur et tr\u00e8s longtemps\u2014maintenant il faut agir. J&rsquo;ai constat\u00e9 de plus en plus d&rsquo;\u00e9lan politique venant des \u00c9tats Membres. Ils savent qu&rsquo;ils ont \u00e0 prendre des mesures \u00bb, a-t-il ajout\u00e9<\/p>\n<p>Avant la COP21, le Secr\u00e9tariat de la Convention Cadre des Nations Unies sur les changements climatiques (CCNUCC)\u2014l&rsquo;entit\u00e9 des Nations Unies qui organise la conf\u00e9rence\u2014a d\u00e9j\u00e0 re\u00e7u environ 180 plans d&rsquo;action nationaux qui formeront la base d&rsquo;un accord sur le climat. Le nom formel de ces plans est Contributions pr\u00e9vues d\u00e9termin\u00e9es au niveau national (INDC).<\/p>\n<p>Ces derni\u00e8res semaines, le Secr\u00e9taire g\u00e9n\u00e9ral a soulign\u00e9 que ces plans montraient que de nombreux pays \u00e9taient pr\u00eats \u00e0 prendre des mesures significatives pour lutter contre les changements climatiques. Beaucoup ont \u00e9galement indiqu\u00e9 qu&rsquo;ils aimeraient voir un m\u00e9canisme au sein de l&rsquo;accord qui permette d&rsquo;acc\u00e9l\u00e9rer leurs ambitions et atteindre l&rsquo;objectif de limiter la hausse de la temp\u00e9rature mondiale \u00e0 moins de 2 degr\u00e9s Celsius.<\/p>\n<p>Selon les experts, une \u00e9l\u00e9vation de temp\u00e9rature au-del\u00e0 de ce niveau pourrait provoquer des dommages irr\u00e9versibles \u00e0 la plan\u00e8te en exacerbant la s\u00e9cheresse, les inondations, et les p\u00e9nuries de nourriture et d&rsquo;eau qui touchent les pays les plus vuln\u00e9rables en premier. M\u00eame si la communaut\u00e9 scientifique reconnait actuellement que les engagements nationaux soumis jusqu&rsquo;\u00e0 pr\u00e9sent ne pourront limiter la hausse de la temp\u00e9rature mondiale \u00e0 moins de 2 degr\u00e9s, M. Ban a soulign\u00e9 que le succ\u00e8s \u00e0 la COP21 pourrait permettre au monde d&rsquo;y arriver \u00e0 l&rsquo;avenir.<\/p>\n<p>Lundi, environ 150 chefs d&rsquo;Etats et de gouvernements sont attendus \u00e0 la c\u00e9r\u00e9monie d&rsquo;ouverture sur le site de Paris-Le Bourget, un centre de conf\u00e9rence de 18 hectares au nord-est de la capitale fran\u00e7aise. Cet espace sera le lieu principal de la r\u00e9union avec 32 salles de n\u00e9gociation ainsi que de nombreux lieux d\u00e9di\u00e9s \u00e0 des \u00e9v\u00e9nements sp\u00e9ciaux.<\/p>\n<p>En parall\u00e8le, d&rsquo;autres \u00e9v\u00e9nements auront lieu \u00e0 Paris \u2014tel qu&rsquo;un \u00ab apr\u00e8s-midi avec Robert Redford \u00bb \u00e0 l&rsquo;Ä¢¹½ÊÓÆµESCO le 6 d\u00e9cembre, et une remise du \u00ab Prix \u200b\u200b\u00c9quateur \u00bb par le Programme des Nations Unies pour le d\u00e9veloppement (<a href=\"http:\/\/www.undp.org\/french\/\">PNUD<\/a>) au Th\u00e9\u00e2tre Mogador. Ce prix est reconnu par certains comme les \u00ab Oscars du d\u00e9veloppement durable \u00bb.<\/p>\n<p>Le lien entre le d\u00e9veloppement durable et le climat sera l&rsquo;un des th\u00e8mes dominants de la conf\u00e9rence. En septembre, les dirigeants du monde entier ont adopt\u00e9 le Programme de d\u00e9veloppement durable \u00e0 l&rsquo;horizon 2030, compos\u00e9 de 17 buts visant \u00e0 \u00e9radiquer la pauvret\u00e9 et \u00e0 lutter contre les in\u00e9galit\u00e9s au cours des 15 prochaines ann\u00e9es.<\/p>\n<p>\u00ab L&rsquo;Objectif num\u00e9ro 13 se concentre sur le climat, mais si nous ne mettons pas en \u0153uvre un accord sur les changement climatiques, les autres 16 objectifs seront affect\u00e9s. Pas un seul objectif ne peut \u00eatre mis en \u0153uvre s\u00e9par\u00e9ment \u00bb, M. Ban a expliqu\u00e9.<\/p>\n<p>\u00ab La science prouve clairement que ce ph\u00e9nom\u00e8ne de changements climatiques est caus\u00e9 par le comportement humain \u00bb, a-t-il poursuivi. \u00ab Il est donc naturel que les \u00eatres humains changent leurs comportements. Nous devons le faire. Nous n&rsquo;avons pas de temps \u00e0 perdre. Voil\u00e0 pourquoi j&rsquo;exhorte les dirigeants mondiaux \u00e0 montrer un leadership moral et politique pour l&rsquo;humanit\u00e9 \u00bb.<\/p>\n<p>Le Centre d&rsquo;actualit\u00e9w de l&rsquo;ONU a \u00e9galement demand\u00e9 au Secr\u00e9taire g\u00e9n\u00e9ral d&rsquo;expliquer ce qui lui permet de rester optimiste et de penser que les dirigeants pourront travailler ensemble et non dans leur propre int\u00e9r\u00eat.<\/p>\n<p>\u00ab Le changement climatique ne se soucie pas des fronti\u00e8res nationales \u00bb, a-t-il d\u00e9clar\u00e9. \u00ab C&rsquo;est un ph\u00e9nom\u00e8ne mondial et les dirigeants comprennent qu&rsquo;investir judicieusement pour lutter contre les changements climatiques leurs donnera un coup de pouce \u00e9conomique. Il y a beaucoup de pays qui investissent dans l&rsquo;\u00e9nergie durable, y compris l&rsquo;\u00e9nergie solaire. Ceci est mont\u00e9 en fl\u00e8che \u00bb.<\/p>\n<p>La Sommet ouvrira officiellement ses portes lundi, lorsque le Ministre fran\u00e7ais des affaires \u00e9trang\u00e8res, Laurent Fabius, sera \u00e9lu pr\u00e9sident de la COP21. Les n\u00e9gociations en vue d&rsquo;un accord final devraient se terminer le 11 d\u00e9cembre.<\/p>\n","protected":false},"excerpt":{"rendered":"<p>29 novembre 2015 \u2013 A la veille de l&rsquo;ouverture de  [&#8230;]<\/p>\n","protected":false},"author":146,"featured_media":4617,"comment_status":"closed","ping_status":"closed","sticky":false,"template":"","format":"standard","meta":{"_et_pb_use_builder":"","_et_pb_old_content":"","_et_gb_content_width":"","footnotes":""},"categories":[16,5],"tags":[],"class_list":["post-4613","post","type-post","status-publish","format-standard","has-post-thumbnail","hentry","category-news","category-climate-change"],"_links":{"self":[{"href":"https:\/\/www.un.org\/sustainabledevelopment\/fr\/wp-json\/wp\/v2\/posts\/4613","targetHints":{"allow":["GET"]}}],"collection":[{"href":"https:\/\/www.un.org\/sustainabledevelopment\/fr\/wp-json\/wp\/v2\/posts"}],"about":[{"href":"https:\/\/www.un.org\/sustainabledevelopment\/fr\/wp-json\/wp\/v2\/types\/post"}],"author":[{"embeddable":true,"href":"https:\/\/www.un.org\/sustainabledevelopment\/fr\/wp-json\/wp\/v2\/users\/146"}],"replies":[{"embeddable":true,"href":"https:\/\/www.un.org\/sustainabledevelopment\/fr\/wp-json\/wp\/v2\/comments?post=4613"}],"version-history":[{"count":0,"href":"https:\/\/www.un.org\/sustainabledevelopment\/fr\/wp-json\/wp\/v2\/posts\/4613\/revisions"}],"wp:featuredmedia":[{"embeddable":true,"href":"https:\/\/www.un.org\/sustainabledevelopment\/fr\/wp-json\/wp\/v2\/media\/4617"}],"wp:attachment":[{"href":"https:\/\/www.un.org\/sustainabledevelopment\/fr\/wp-json\/wp\/v2\/media?parent=4613"}],"wp:term":[{"taxonomy":"category","embeddable":true,"href":"https:\/\/www.un.org\/sustainabledevelopment\/fr\/wp-json\/wp\/v2\/categories?post=4613"},{"taxonomy":"post_tag","embeddable":true,"href":"https:\/\/www.un.org\/sustainabledevelopment\/fr\/wp-json\/wp\/v2\/tags?post=4613"}],"curies":[{"name":"wp","href":"https:\/\/api.w.org\/{rel}","templated":true}]}}