  {"id":4685,"date":"2015-12-02T19:05:42","date_gmt":"2015-12-02T19:05:42","guid":{"rendered":"http:\/\/www.un.org\/sustainabledevelopment\/fr\/?p=4685"},"modified":"2017-11-13T12:32:47","modified_gmt":"2017-11-13T17:32:47","slug":"cop21-nouveaux-partenariats-pour-promouvoir-la-resilience-face-aux-changements-climatiques","status":"publish","type":"post","link":"https:\/\/www.un.org\/sustainabledevelopment\/fr\/2015\/12\/02\/cop21-nouveaux-partenariats-pour-promouvoir-la-resilience-face-aux-changements-climatiques\/","title":{"rendered":"COP21 : nouveaux partenariats pour promouvoir la r\u00e9silience face aux changements climatiques"},"content":{"rendered":"<p>2 d\u00e9cembre 2015 \u2013 L\u2019ONU et les gouvernements du P\u00e9rou et de la France ont annonc\u00e9 la formation d\u2019importants partenariats internationaux en vue de mobiliser des fonds pour prot\u00e9ger les personnes les plus vuln\u00e9rables aux effets des changements climatiques, mercredi \u00e0 Paris au 3\u00e8me jour de la Conf\u00e9rence de l\u2019ONU sur le climat (COP21), appel\u00e9 \u00ab Journ\u00e9e de la r\u00e9silience \u00bb.<\/p>\n<p>Ces initiatives s\u2019inscrivent dans le Programme d\u2019action de Lima \u00e0 Paris (LPAA), lanc\u00e9 l\u2019an dernier lors de la pr\u00e9c\u00e9dente conf\u00e9rence sur le climat qui s\u2019\u00e9tait tenue au P\u00e9rou, et visent \u00e0 renforcer l\u2019action contre les changements climatiques au-del\u00e0 de la COP21.<\/p>\n<p>\u00ab La r\u00e9silience est r\u00e9ellement importante car le climat est d\u2019ores et d\u00e9j\u00e0 en train de changer, et nous devons \u00eatre capables non seulement de nous adapter aux changements, mais aussi de nous d\u00e9velopper d\u2019une mani\u00e8re qui prenne en compte le fait qu\u2019\u00e0 l\u2019avenir le climat continuera de changer \u00bb, a d\u00e9clar\u00e9 le Sous-Secr\u00e9taire g\u00e9n\u00e9ral de l\u2019ONU charg\u00e9 du changement climatique, Janos Pasztor, dans un entretien \u00e0 Paris avec le Centre d\u2019actualit\u00e9s de l\u2019ONU.<\/p>\n<p>\u00ab M\u00eame si nous arr\u00eations toutes les \u00e9missions d\u00e8s aujourd\u2019hui, il y aurait d\u00e9j\u00e0 assez de gaz \u00e0 effet de serre dans l\u2019atmosph\u00e8re pour que le climat continue de changer \u00bb, a-t-il ajout\u00e9. \u00ab Par cons\u00e9quent, nous devons adapter notre processus de d\u00e9veloppement et notre approche \u00e9conomique <div class=\"fusion-fullwidth fullwidth-box fusion-builder-row-1 hundred-percent-fullwidth non-hundred-percent-height-scrolling\" style=\"--awb-border-radius-top-left:0px;--awb-border-radius-top-right:0px;--awb-border-radius-bottom-right:0px;--awb-border-radius-bottom-left:0px;--awb-overflow:visible;--awb-flex-wrap:wrap;\" ><div class=\"fusion-builder-row fusion-row\"><div class=\"fusion-layout-column fusion_builder_column fusion-builder-column-0 fusion_builder_column_1_1 1_1 fusion-one-full fusion-column-first fusion-column-last fusion-column-no-min-height\" style=\"--awb-bg-size:cover;--awb-margin-bottom:0px;\"><div class=\"fusion-column-wrapper fusion-flex-column-wrapper-legacy\">[\u2026] et \u00eatre plus r\u00e9silients face aux futurs changements qui vont se produire \u00bb.<\/p>\n<p>Des annonces audacieuses ont \u00e9t\u00e9 faites dans le contexte de la journ\u00e9e, qui \u00e9tait consacr\u00e9e \u00e0 l\u2019\u00e9dification de soci\u00e9t\u00e9s et d\u2019\u00e9conomies plus r\u00e9silientes. Selon l\u2019ONU, les aberrations climatiques ont d\u00e9j\u00e0 un impact sur la vie de centaines de milliers de personnes chaque ann\u00e9e, fragilisant ou d\u00e9truisant leurs moyens d\u2019existence, leurs habitations et leur environnement.<\/p>\n<p>La Fondation Rockefeller estime qu\u2019au cours des 30 derni\u00e8res ann\u00e9es, un tiers des d\u00e9penses de d\u00e9veloppement ont \u00e9t\u00e9 perdues \u00e0 cause de ces crises r\u00e9currentes, ce qui repr\u00e9sente une perte totale de 3.800 milliards de dollars dans le monde. Par contraste, les soci\u00e9t\u00e9s et les \u00e9conomies r\u00e9silientes souffrent moins de telles catastrophes naturelles et r\u00e9cup\u00e8rent plus vite de leurs effets.<\/p>\n<p>\u00ab Quand nous parlons de r\u00e9silience, nous parlons de la mani\u00e8re dont nous r\u00e9sistons [\u2026] et \u00e9vitons les cons\u00e9quences n\u00e9gatives pour notre population, pour la faune, pour l\u2019habitat, pour les \u00e9cosyst\u00e8mes, pour l\u2019eau, pour les oc\u00e9ans\u2013c\u2019est pourquoi nous avons la \u2018Journ\u00e9e de la r\u00e9silience.\u2019 \u00bb, a d\u00e9clar\u00e9 le Ministre p\u00e9ruvien de l\u2019Environnement, Manuel Pulgar-Vidal, au Centre d\u2019actualit\u00e9s de l\u2019ONU. \u00ab Si les changements climatiques doivent nous apporter des catastrophes naturelles, nous devrions avoir pour objectif la r\u00e9silience comme moyen de faire face \u00e0 ce genre de cons\u00e9quences \u00bb, a-t-il ajout\u00e9.<\/p>\n<p>D\u2019autre part, le Bureau des Nations Unies pour la r\u00e9duction des risques de catastrophe (Ä¢¹½ÊÓÆµISDR) a lanc\u00e9 un nouveau \u00ab syst\u00e8me d\u2019alerte pr\u00e9coce sur les risque climatiques \u00bb (Climate Risk Early Warning System,CREWS), tandis que les gouvernements de l\u2019Allemagne, de l\u2019Australie, du Canada, de la France, du Luxembourg et des Pays-Bas ont d\u00e9cid\u00e9 de consacrer plus de 80 millions de dollars pour \u00e9quiper jusqu\u2019\u00e0 80 pays vuln\u00e9rables de meilleurs syst\u00e8mes de protection contre les risques de catastrophes dues au climat.<\/p>\n<p>Ce plan avait \u00e9t\u00e9 propos\u00e9 en mars par le Ministre fran\u00e7ais des affaires \u00e9trang\u00e8res, Laurent Fabius, \u00e0 la troisi\u00e8me Conf\u00e9rence de l\u2019ONU sur la r\u00e9duction des risques climatiques \u00e0 Sendai, au Japon.<div class=\"fusion-clearfix\"><\/div><\/div><\/div><\/div><\/div><\/p>\n","protected":false},"excerpt":{"rendered":"<p>2 d\u00e9cembre 2015 \u2013 L\u2019ONU et les gouvernements du P\u00e9rou  [&#8230;]<\/p>\n","protected":false},"author":136,"featured_media":4689,"comment_status":"closed","ping_status":"closed","sticky":false,"template":"","format":"standard","meta":{"_et_pb_use_builder":"","_et_pb_old_content":"","_et_gb_content_width":"","footnotes":""},"categories":[16,5,18,39],"tags":[],"class_list":["post-4685","post","type-post","status-publish","format-standard","has-post-thumbnail","hentry","category-news","category-climate-change","category-partnerships","category-reduction-des-risques-de-catastrophe"],"_links":{"self":[{"href":"https:\/\/www.un.org\/sustainabledevelopment\/fr\/wp-json\/wp\/v2\/posts\/4685","targetHints":{"allow":["GET"]}}],"collection":[{"href":"https:\/\/www.un.org\/sustainabledevelopment\/fr\/wp-json\/wp\/v2\/posts"}],"about":[{"href":"https:\/\/www.un.org\/sustainabledevelopment\/fr\/wp-json\/wp\/v2\/types\/post"}],"author":[{"embeddable":true,"href":"https:\/\/www.un.org\/sustainabledevelopment\/fr\/wp-json\/wp\/v2\/users\/136"}],"replies":[{"embeddable":true,"href":"https:\/\/www.un.org\/sustainabledevelopment\/fr\/wp-json\/wp\/v2\/comments?post=4685"}],"version-history":[{"count":0,"href":"https:\/\/www.un.org\/sustainabledevelopment\/fr\/wp-json\/wp\/v2\/posts\/4685\/revisions"}],"wp:featuredmedia":[{"embeddable":true,"href":"https:\/\/www.un.org\/sustainabledevelopment\/fr\/wp-json\/wp\/v2\/media\/4689"}],"wp:attachment":[{"href":"https:\/\/www.un.org\/sustainabledevelopment\/fr\/wp-json\/wp\/v2\/media?parent=4685"}],"wp:term":[{"taxonomy":"category","embeddable":true,"href":"https:\/\/www.un.org\/sustainabledevelopment\/fr\/wp-json\/wp\/v2\/categories?post=4685"},{"taxonomy":"post_tag","embeddable":true,"href":"https:\/\/www.un.org\/sustainabledevelopment\/fr\/wp-json\/wp\/v2\/tags?post=4685"}],"curies":[{"name":"wp","href":"https:\/\/api.w.org\/{rel}","templated":true}]}}