  {"id":4765,"date":"2015-12-08T17:42:47","date_gmt":"2015-12-08T17:42:47","guid":{"rendered":"http:\/\/www.un.org\/sustainabledevelopment\/fr\/?p=4765"},"modified":"2017-11-13T12:32:45","modified_gmt":"2017-11-13T17:32:45","slug":"cop21-ban-ki-moon-mobilise-le-secteur-prive-dans-laction-contre-les-changements-climatiques","status":"publish","type":"post","link":"https:\/\/www.un.org\/sustainabledevelopment\/fr\/2015\/12\/08\/cop21-ban-ki-moon-mobilise-le-secteur-prive-dans-laction-contre-les-changements-climatiques\/","title":{"rendered":"COP21 : Ban Ki-moon mobilise le secteur priv\u00e9 dans l\u2019action contre les changements climatiques"},"content":{"rendered":"<p>8 d\u00e9cembre 2015 \u2013 S\u2019exprimant en marge de la Conf\u00e9rence des Nations Unies sur le climat (COP21) \u00e0 Paris, le Secr\u00e9taire g\u00e9n\u00e9ral de l\u2019ONU, Ban Ki-moon, a d\u00e9clar\u00e9 mardi, devant un parterre de chefs d\u2019entreprises, que cette r\u00e9union mondiale servira \u00e0 g\u00e9n\u00e9raliser les progr\u00e8s effectu\u00e9s dans des secteurs importants et \u00e0 d\u00e9finir une ambition encore plus grande pour l\u2019avenir.<\/p>\n<p>\u00ab L\u2019\u00e9lan collectif cr\u00e9\u00e9 au sein du secteur priv\u00e9 pour une action au sujet du climat s\u2019accroit chaque jour \u00bb, a dit M. Ban, si\u00e9geant aux c\u00f4t\u00e9s du Secr\u00e9taire d\u2019Etat am\u00e9ricain John Kerry et du Ministre fran\u00e7ais des affaires \u00e9trang\u00e8res Laurent Fabius, lors d\u2019une r\u00e9union de haut niveau du Forum \u00ab Caring for Business \u00bb du Pacte mondial de l\u2019ONU.<\/p>\n<p>Assembl\u00e9e pendant deux jours en marge de la COP21, cette troisi\u00e8me r\u00e9union annuelle du Forum vise \u00e0 fournir une plateforme de dialogue et d\u2019action pour les chefs d\u2019entreprises, les investisseurs, les repr\u00e9sentants de la soci\u00e9t\u00e9 civile, l\u2019ONU et les gouvernements.<\/p>\n<p>Depuis le 30 novembre, le site de la conf\u00e9rence au Bourget, dans le nord-est de Paris, est le th\u00e9\u00e2tre de discussions sur le climat, des milliers de personnes de toutes provenances se r\u00e9unissant pour plaider pour un nouvel accord universel sur la lutte contre les changements climatiques qui soit de nature \u00e0 limiter \u00e0 moins de deux degr\u00e9s Celsius la hausse de la temp\u00e9rature moyenne de la plan\u00e8te.<\/p>\n<p>\u00ab A travers le monde, les entreprises et les investisseurs se mobilisent en faveur d\u2019un accord robuste \u00e0 Paris qui envoie aux march\u00e9s les bons signaux \u00bb, a soulign\u00e9 le Secr\u00e9taire g\u00e9n\u00e9ral. \u00ab Ils demandent un message clair selon lequel la transition vers des sources d\u2019\u00e9nergie plus propres, \u00e0 faibles \u00e9missions de gaz \u00e0 effet de serre, est n\u00e9cessaire, in\u00e9vitable, irr\u00e9versible et b\u00e9n\u00e9fique \u00bb.<\/p>\n<p>\u00ab Les affaires \u00bb \u00e9tant l\u2019un des th\u00e8mes centraux de la COP21 mardi, M. Ban a d\u00e9clar\u00e9 que le fait qu\u2019\u00ab il n\u2019est pas possible de faire marche arri\u00e8re \u00bb doit \u00eatre affirm\u00e9 clairement et que tous les secteurs de la soci\u00e9t\u00e9 \u2013 chefs d\u2019entreprises, villes et citoyens \u2013 doivent faire partie de la solution.<\/p>\n<p>Le chef de l\u2019ONU a rappel\u00e9 que l\u2019an dernier, il avait appel\u00e9 les dirigeants d\u2019entreprises \u00e0 se faire entendre et \u00e0 d\u00e9montrer que \u00ab l\u2019\u00e9conomie verte est une bonne \u00e9conomie \u00bb. \u00ab Des compagnies du monde entier ont r\u00e9pondu. D\u2019importantes entreprises d\u00e9montrent qu\u2019elles peuvent faire face au probl\u00e8me des changements climatiques tout en prosp\u00e9rant financi\u00e8rement \u00bb, a-t-il insist\u00e9.<\/p>\n<p>Il a not\u00e9 que davantage de compagnies et d\u2019investisseurs jouent un r\u00f4le de pointe dans l\u2019action relative au climat qu\u2019\u00e0 aucun autre moment de l\u2019histoire et qu\u2019ils le font \u00ab parce qu\u2019ils comprennent les risques li\u00e9s aux changements climatiques, ainsi que les chances qu\u2019offre l\u2019action visant \u00e0 les contrer \u00bb.<\/p>\n<p>Il s\u2019est f\u00e9licit\u00e9 du fait que l\u2019initiative Caring for Climate de l\u2019ONU soit d\u00e9sormais la plus grande coalition d\u2019entreprises engag\u00e9es dans une action relative au climat, pr\u00e9cisant que cent compagnies s\u2019\u00e9taient fix\u00e9 d\u2019ambitieux objectifs de r\u00e9duction de leurs \u00e9missions de carbone.<\/p>\n<p>Ban a \u00e9galement indiqu\u00e9 que des entreprises avaient \u00ab jou\u00e9 un r\u00f4le d\u00e9terminant \u00bb pour assurer qu\u2019attacher un co\u00fbt au carbone soit reconnu comme un outil n\u00e9cessaire et efficace. Selon le Carbon Disclosure Project, plus de 1.000 compagnies affirment avoir fix\u00e9 en interne un prix au carbone ou pr\u00e9voir de le faire \u00e0 l\u2019avenir. Ce chiffre correspondrait \u00e0 une multiplication par dix en un an.<\/p>\n<p>\u00ab Au cours de l\u2019ann\u00e9e \u00e9coul\u00e9e, plus de 2.000 compagnies et 500 investisseurs ont pris officiellement des engagements de lutte contre le changement climatique gr\u00e2ce au portail NAZCA du Comit\u00e9 intergouvernemental de n\u00e9gociation d\u2019une convention-cadre sur les changements climatiques (CINCCCC). Mais pour limiter la hausse de la temp\u00e9rature mondiale \u00e0 moins de deux degr\u00e9s, nous devons aller beaucoup plus loin et rapidement \u00bb, a-t-il dit.<\/p>\n<p>Enfin, s\u2019adressant aux dirigeants du secteur priv\u00e9, M. Ban leur a dit son espoir qu\u2019en quittant Paris ils emporteraient un message clair \u00e0 l\u2019intention de leurs consommateurs, employ\u00e9s, pairs \u2013 et \u00e0 leurs gouvernements \u2013 selon lequel \u00ab la mani\u00e8re dont nous faisons des affaires aujourd\u2019hui d\u00e9terminera si nous pourrons continuer \u00e0 en faire \u00e0 l\u2019avenir \u00bb.<\/p>\n<p>&nbsp;<\/p>\n","protected":false},"excerpt":{"rendered":"<p>8 d\u00e9cembre 2015 \u2013 S\u2019exprimant en marge de la Conf\u00e9rence  [&#8230;]<\/p>\n","protected":false},"author":136,"featured_media":4769,"comment_status":"closed","ping_status":"closed","sticky":false,"template":"","format":"standard","meta":{"_et_pb_use_builder":"","_et_pb_old_content":"","_et_gb_content_width":"","footnotes":""},"categories":[16,5,6],"tags":[],"class_list":["post-4765","post","type-post","status-publish","format-standard","has-post-thumbnail","hentry","category-news","category-climate-change","category-economic-growth"],"_links":{"self":[{"href":"https:\/\/www.un.org\/sustainabledevelopment\/fr\/wp-json\/wp\/v2\/posts\/4765","targetHints":{"allow":["GET"]}}],"collection":[{"href":"https:\/\/www.un.org\/sustainabledevelopment\/fr\/wp-json\/wp\/v2\/posts"}],"about":[{"href":"https:\/\/www.un.org\/sustainabledevelopment\/fr\/wp-json\/wp\/v2\/types\/post"}],"author":[{"embeddable":true,"href":"https:\/\/www.un.org\/sustainabledevelopment\/fr\/wp-json\/wp\/v2\/users\/136"}],"replies":[{"embeddable":true,"href":"https:\/\/www.un.org\/sustainabledevelopment\/fr\/wp-json\/wp\/v2\/comments?post=4765"}],"version-history":[{"count":0,"href":"https:\/\/www.un.org\/sustainabledevelopment\/fr\/wp-json\/wp\/v2\/posts\/4765\/revisions"}],"wp:featuredmedia":[{"embeddable":true,"href":"https:\/\/www.un.org\/sustainabledevelopment\/fr\/wp-json\/wp\/v2\/media\/4769"}],"wp:attachment":[{"href":"https:\/\/www.un.org\/sustainabledevelopment\/fr\/wp-json\/wp\/v2\/media?parent=4765"}],"wp:term":[{"taxonomy":"category","embeddable":true,"href":"https:\/\/www.un.org\/sustainabledevelopment\/fr\/wp-json\/wp\/v2\/categories?post=4765"},{"taxonomy":"post_tag","embeddable":true,"href":"https:\/\/www.un.org\/sustainabledevelopment\/fr\/wp-json\/wp\/v2\/tags?post=4765"}],"curies":[{"name":"wp","href":"https:\/\/api.w.org\/{rel}","templated":true}]}}