  {"id":4789,"date":"2015-12-09T16:31:58","date_gmt":"2015-12-09T16:31:58","guid":{"rendered":"http:\/\/www.un.org\/sustainabledevelopment\/fr\/?p=4789"},"modified":"2017-11-13T12:32:45","modified_gmt":"2017-11-13T17:32:45","slug":"cop21-la-journee-des-femmes-place-les-questions-qui-les-concernent-au-premier-plan-de-la-conference","status":"publish","type":"post","link":"https:\/\/www.un.org\/sustainabledevelopment\/fr\/2015\/12\/09\/cop21-la-journee-des-femmes-place-les-questions-qui-les-concernent-au-premier-plan-de-la-conference\/","title":{"rendered":"COP21 : la journ\u00e9e des femmes place les questions qui les concernent au premier plan de la Conf\u00e9rence"},"content":{"rendered":"<p>9 d\u00e9cembre 2015 \u2013 Des dizaines d\u2019organisations non gouvernementales, rassembl\u00e9es mardi devant le site de la Conf\u00e9rence des Nations Unies sur le climat (COP21) \u00e0 Paris, ont affirm\u00e9 l\u2019importance qu\u2019il y a \u00e0 inclure davantage de femmes au c\u0153ur des discussions, pour qu\u2019elles participent \u00e0 la fois \u00e0 la n\u00e9gociation du nouvel accord sur le climat et \u00e0 la r\u00e9daction de son contenu.<\/p>\n<p>\u00ab Les femmes ne baisseront pas les bras au sujet de la plan\u00e8te \u00bb, a d\u00e9clar\u00e9 Titi Akosa, avocate nig\u00e9riane et Directrice ex\u00e9cutive du Centre d\u2019\u00e9tudes des questions du 21\u00e8me si\u00e8cle, qui a pour une large part men\u00e9 l\u2019action lors de la manifestation et fait preuve d\u2019une grande \u00e9nergie, scandant \u00ab nous continuerons \u00e0 aller de l\u2019avant, nous ne ferons jamais demi-tour, jamais demi-tour \u00bb.<\/p>\n<p>La seconde semaine des n\u00e9gociations pour parvenir \u00e0 un accord sur le climat a commenc\u00e9 lundi; les d\u00e9bats sont cens\u00e9s prendre fin dans les prochains jours et produire un document devant servir de directive en vue d\u2019une politique internationale face aux changements climatiques qui limite \u00e0 moins de 2 degr\u00e9s Celsius la hausse moyenne de la temp\u00e9rature de la plan\u00e8te.<\/p>\n<p>\u00ab Nous avons \u00e9t\u00e9 tr\u00e8s d\u00e9\u00e7ues il y a deux mois lorsque toutes les r\u00e9f\u00e9rences au genre qui se trouvaient dans le texte ont \u00e9t\u00e9 \u00e9limin\u00e9es \u00bb, a d\u00e9clar\u00e9 la Directrice ex\u00e9cutive adjointe d\u2019ONU-Femmes, Lakshmi Puri, au Centre d\u2019actualit\u00e9s de l\u2019ONU \u00e0 la veille de cette \u00ab Journ\u00e9e des femmes \u00bb \u00e0 la COP21.<\/p>\n<p>\u00ab En cons\u00e9quence, nous avons travaill\u00e9 avec tous nos champions, qui sont des Etats membres et des repr\u00e9sentants de la soci\u00e9t\u00e9 civile, <div class=\"fusion-fullwidth fullwidth-box fusion-builder-row-1 hundred-percent-fullwidth non-hundred-percent-height-scrolling\" style=\"--awb-border-radius-top-left:0px;--awb-border-radius-top-right:0px;--awb-border-radius-bottom-right:0px;--awb-border-radius-bottom-left:0px;--awb-overflow:visible;--awb-flex-wrap:wrap;\" ><div class=\"fusion-builder-row fusion-row\"><div class=\"fusion-layout-column fusion_builder_column fusion-builder-column-0 fusion_builder_column_1_1 1_1 fusion-one-full fusion-column-first fusion-column-last fusion-column-no-min-height\" style=\"--awb-bg-size:cover;--awb-margin-bottom:0px;\"><div class=\"fusion-column-wrapper fusion-flex-column-wrapper-legacy\">[\u2026] afin de faire en sorte non seulement que ces r\u00e9f\u00e9rences soient r\u00e9tablies mais aussi que [le texte] soit renforc\u00e9 \u00bb, a-t-elle ajout\u00e9.<\/p>\n<p>Mme Puri a expliqu\u00e9 que l\u2019accord qui est en cours de n\u00e9gociation fait r\u00e9f\u00e9rence dans son pr\u00e9ambule \u00e0 l\u2019\u00e9galit\u00e9 des sexes, \u00e0 l\u2019autonomisation des femmes, ainsi qu\u2019au r\u00f4le des femmes notamment en termes de leadership, et mentionne dans le corps de ses paragraphes la n\u00e9cessit\u00e9 d\u2019une adaptation (au climat), d\u2019un financement de l\u2019action et d\u2019un renforcement des capacit\u00e9s qui r\u00e9pondent aux besoins des femmes.<\/p>\n<p>\u00ab Malheureusement, ce n\u2019\u00e9tait pas mentionn\u00e9 dans la partie relative aux technologies mais nous esp\u00e9rons que cela y sera ins\u00e9r\u00e9 \u00bb, a-t-elle dit.<\/p>\n<p>Cependant, au sein de la manifestation \u00e0 l\u2019ext\u00e9rieur des locaux de la conf\u00e9rence, qui comprennent 32 salles de n\u00e9gociation, \u00ab le d\u00e9s\u00e9quilibre entre les genres \u00bb \u00e9tait un terme fr\u00e9quemment utilis\u00e9 par de nombreuses personnes qui estiment que leurs droits ne sont toujours pas pleinement pris en compte.<\/p>\n<p>\u00ab Ce matin, nous avons rencontr\u00e9 les femmes ministres du monde entier pour leur dire que nous voulons qu\u2019elles soient fermes dans les n\u00e9gociations au nom des femmes, et qu\u2019elles parlent \u00e0 leurs d\u00e9l\u00e9gations afin qu\u2019elles fassent ce qui est juste et bien pour les femmes \u00bb, a soulign\u00e9 Titi Akosa.<\/p>\n<p>Une autre voix forte s\u2019est adress\u00e9e \u00e0 la foule, celle de Lean Deleon, de nationalit\u00e9 am\u00e9ricaine, qui a des liens avec les Philippines et s\u2019identifie comme une personne ne se conformant pas \u00e0 la division binaire homme-femme. Zie [une autre de ces personnes] \u00e9tait \u00e9galement l\u00e0, repr\u00e9sentant le Women\u2019s Major Group, qui s\u2019efforce de promouvoir le d\u00e9veloppement durable et l\u2019\u00e9galit\u00e9 des sexes.<\/p>\n<p>\u00ab Nous voulons dire qu\u2019avec la crise actuelle concernant le climat, les femmes et les personnes marginalis\u00e9es sont les plus affect\u00e9es \u00bb, a affirm\u00e9 Lean Deleon. \u00ab Elles n\u2019ont pas acc\u00e8s \u00e0 la table (de n\u00e9gociation) pour prendre ces d\u00e9cisions, donc nous souhaitons amplifier les voix qui viennent des communaut\u00e9s sur le terrain \u00bb.<\/p>\n<p>Selon ONU-Femmes, les effets des changements climatiques affectent tout particuli\u00e8rement les femmes et les filles, beaucoup d\u2019entre elles devant consacrer une partie disproportionn\u00e9e de leur temps \u00e0 la recherche de nourriture, de carburant et d\u2019eau, ou \u00e0 essayer de faire pousser des r\u00e9coltes. Leur relation \u00e9troite avec leur environnement naturel signifie \u00e9galement que les femmes doivent faire partie de la solution.<\/p>\n<p>\u00ab Les femmes avec qui nous travaillons \u00e0 travers le monde\u2014la premi\u00e8re chose qu\u2019elles nous disent, c\u2019est \u2018vous savez, nous ne sommes pas des victimes, nous sommes la solution\u2019, et elles ont bien raison car 60 \u00e0 80% de toute la production de nourriture par les m\u00e9nages dans les pays en d\u00e9veloppement est assur\u00e9 par les femmes \u00bb, a d\u00e9clar\u00e9 Osprey Orielle Lake, co-fondatrice et Directrice ex\u00e9cutive de WECAN\u2014le R\u00e9seau d\u2019action des femmes pour la Terre et le climat (Women\u2019s Earth and Climate Action Network).<\/p>\n<p>\u00ab Les \u00e9tudes de l\u2019ONU montrent que si vous n\u2019impliquez pas les femmes dans les prises de d\u00e9cision concernant tous ces projets relatifs \u00e0 l\u2019eau dans les pays en d\u00e9veloppement, ces programmes ne fonctionnent pas car ce sont les femmes qui d\u00e9tiennent localement le savoir au sujet de l\u2019eau et ce sont elles qui vont la chercher \u00bb, a-t-elle ajout\u00e9.<\/p>\n<p>&nbsp;<div class=\"fusion-clearfix\"><\/div><\/div><\/div><\/div><\/div><\/p>\n","protected":false},"excerpt":{"rendered":"<p>9 d\u00e9cembre 2015 \u2013 Des dizaines d\u2019organisations non gouvernementales, rassembl\u00e9es  [&#8230;]<\/p>\n","protected":false},"author":136,"featured_media":4793,"comment_status":"closed","ping_status":"closed","sticky":false,"template":"","format":"standard","meta":{"_et_pb_use_builder":"","_et_pb_old_content":"","_et_gb_content_width":"","footnotes":""},"categories":[16,5,10,49],"tags":[],"class_list":["post-4789","post","type-post","status-publish","format-standard","has-post-thumbnail","hentry","category-news","category-climate-change","category-gender-equality","category-emancipation-des-femmes"],"_links":{"self":[{"href":"https:\/\/www.un.org\/sustainabledevelopment\/fr\/wp-json\/wp\/v2\/posts\/4789","targetHints":{"allow":["GET"]}}],"collection":[{"href":"https:\/\/www.un.org\/sustainabledevelopment\/fr\/wp-json\/wp\/v2\/posts"}],"about":[{"href":"https:\/\/www.un.org\/sustainabledevelopment\/fr\/wp-json\/wp\/v2\/types\/post"}],"author":[{"embeddable":true,"href":"https:\/\/www.un.org\/sustainabledevelopment\/fr\/wp-json\/wp\/v2\/users\/136"}],"replies":[{"embeddable":true,"href":"https:\/\/www.un.org\/sustainabledevelopment\/fr\/wp-json\/wp\/v2\/comments?post=4789"}],"version-history":[{"count":0,"href":"https:\/\/www.un.org\/sustainabledevelopment\/fr\/wp-json\/wp\/v2\/posts\/4789\/revisions"}],"wp:featuredmedia":[{"embeddable":true,"href":"https:\/\/www.un.org\/sustainabledevelopment\/fr\/wp-json\/wp\/v2\/media\/4793"}],"wp:attachment":[{"href":"https:\/\/www.un.org\/sustainabledevelopment\/fr\/wp-json\/wp\/v2\/media?parent=4789"}],"wp:term":[{"taxonomy":"category","embeddable":true,"href":"https:\/\/www.un.org\/sustainabledevelopment\/fr\/wp-json\/wp\/v2\/categories?post=4789"},{"taxonomy":"post_tag","embeddable":true,"href":"https:\/\/www.un.org\/sustainabledevelopment\/fr\/wp-json\/wp\/v2\/tags?post=4789"}],"curies":[{"name":"wp","href":"https:\/\/api.w.org\/{rel}","templated":true}]}}