  {"id":4797,"date":"2015-12-14T19:57:29","date_gmt":"2015-12-14T19:57:29","guid":{"rendered":"http:\/\/www.un.org\/sustainabledevelopment\/fr\/?p=4797"},"modified":"2017-11-13T12:32:44","modified_gmt":"2017-11-13T17:32:44","slug":"cop21-ban-ki-moon-compte-sur-les-gouvernements-pour-mettre-en-oeuvre-laccord-sur-le-climat","status":"publish","type":"post","link":"https:\/\/www.un.org\/sustainabledevelopment\/fr\/2015\/12\/14\/cop21-ban-ki-moon-compte-sur-les-gouvernements-pour-mettre-en-oeuvre-laccord-sur-le-climat\/","title":{"rendered":"Ban Ki-moon compte sur les gouvernements pour mettre en oeuvre l\u2019accord sur le climat"},"content":{"rendered":"<p>14 d\u00e9cembre 2015 \u2013 De retour de la Conf\u00e9rence des Nations Unies sur les changements climatiques (COP21) qui a adopt\u00e9 samedi \u00e0 Paris un accord historique sur le climat, le Secr\u00e9taire g\u00e9n\u00e9ral de l\u2019ONU, Ban Ki-moon, a d\u00e9clar\u00e9 compter sur les gouvernements et la soci\u00e9t\u00e9 civile pour mettre en \u0153uvre cet accord.<\/p>\n<p>\u00ab Les pays du monde entier ont fait un choix historique. Ils ont d\u00e9cid\u00e9 \u00e0 l\u2019unanimit\u00e9 de travailler ensemble pour relever ce d\u00e9fi majeur de notre \u00e9poque. L\u2019Accord de Paris est une victoire pour les gens, pour le bien commun, et pour le multilat\u00e9ralisme \u00bb, a-t-il soulign\u00e9 lundi lors d\u2019un point de presse au si\u00e8ge des Nations Unies \u00e0 New York.<\/p>\n<p>Cet accord \u00ab est une assurance sant\u00e9 pour la plan\u00e8te. C\u2019est l\u2019action la plus importante men\u00e9e depuis des ann\u00e9es pour faire respecter le mandat de notre Charte consistant \u00e0 \u2018pr\u00e9server les g\u00e9n\u00e9rations futures\u2019 \u00bb, a-t-il ajout\u00e9. \u00ab Pour la premi\u00e8re fois, tous les pays dans le monde ont promis de r\u00e9duire les \u00e9missions de gaz \u00e0 effet de serre, renforcer la r\u00e9silience et agir aux niveaux international et national pour lutter contre les changements climatiques \u00bb.<\/p>\n<p>Le Secr\u00e9taire g\u00e9n\u00e9ral a rappel\u00e9 que cet accord \u00e9tait le r\u00e9sultat d\u2019ann\u00e9es de travail acharn\u00e9 et qu\u2019il s\u2019\u00e9tait personnellement impliqu\u00e9 pour arriver \u00e0 ce r\u00e9sultat. \u00ab Les pays ont reconnu que l\u2019int\u00e9r\u00eat national est mieux servi en agissant pour le bien commun \u00bb, a-t-il soulign\u00e9.<\/p>\n<p>\u00ab J\u2019ai toujours su que la communaut\u00e9 internationale serait capable de relever le d\u00e9fi climatique. Maintenant, je compte sur les gouvernements et tous les secteurs de la soci\u00e9t\u00e9 pour transformer ces engagements en action urgente et d\u00e9cisive \u00bb, a dit M. Ban.<\/p>\n<p>Selon lui, l\u2019Accord de Paris aidera \u00e0 atteindre les objectifs de d\u00e9veloppement durable, qui ont \u00e9t\u00e9 adopt\u00e9s en septembre par les Etats membres des Nations Unies. \u00ab Il permettra de sauver des vies, am\u00e9liorer le bien-\u00eatre humain et promouvoir des soci\u00e9t\u00e9s plus stables et pacifiques \u00bb, a-t-il ajout\u00e9.<\/p>\n","protected":false},"excerpt":{"rendered":"<p>14 d\u00e9cembre 2015 \u2013 De retour de la Conf\u00e9rence des  [&#8230;]<\/p>\n","protected":false},"author":136,"featured_media":4801,"comment_status":"closed","ping_status":"closed","sticky":false,"template":"","format":"standard","meta":{"_et_pb_use_builder":"","_et_pb_old_content":"","_et_gb_content_width":"","footnotes":""},"categories":[16,5],"tags":[],"class_list":["post-4797","post","type-post","status-publish","format-standard","has-post-thumbnail","hentry","category-news","category-climate-change"],"_links":{"self":[{"href":"https:\/\/www.un.org\/sustainabledevelopment\/fr\/wp-json\/wp\/v2\/posts\/4797","targetHints":{"allow":["GET"]}}],"collection":[{"href":"https:\/\/www.un.org\/sustainabledevelopment\/fr\/wp-json\/wp\/v2\/posts"}],"about":[{"href":"https:\/\/www.un.org\/sustainabledevelopment\/fr\/wp-json\/wp\/v2\/types\/post"}],"author":[{"embeddable":true,"href":"https:\/\/www.un.org\/sustainabledevelopment\/fr\/wp-json\/wp\/v2\/users\/136"}],"replies":[{"embeddable":true,"href":"https:\/\/www.un.org\/sustainabledevelopment\/fr\/wp-json\/wp\/v2\/comments?post=4797"}],"version-history":[{"count":0,"href":"https:\/\/www.un.org\/sustainabledevelopment\/fr\/wp-json\/wp\/v2\/posts\/4797\/revisions"}],"wp:featuredmedia":[{"embeddable":true,"href":"https:\/\/www.un.org\/sustainabledevelopment\/fr\/wp-json\/wp\/v2\/media\/4801"}],"wp:attachment":[{"href":"https:\/\/www.un.org\/sustainabledevelopment\/fr\/wp-json\/wp\/v2\/media?parent=4797"}],"wp:term":[{"taxonomy":"category","embeddable":true,"href":"https:\/\/www.un.org\/sustainabledevelopment\/fr\/wp-json\/wp\/v2\/categories?post=4797"},{"taxonomy":"post_tag","embeddable":true,"href":"https:\/\/www.un.org\/sustainabledevelopment\/fr\/wp-json\/wp\/v2\/tags?post=4797"}],"curies":[{"name":"wp","href":"https:\/\/api.w.org\/{rel}","templated":true}]}}