  {"id":4842,"date":"2016-01-12T22:52:07","date_gmt":"2016-01-12T22:52:07","guid":{"rendered":"http:\/\/www.un.org\/sustainabledevelopment\/fr\/?p=4842"},"modified":"2017-11-13T12:32:43","modified_gmt":"2017-11-13T17:32:43","slug":"cop21-lonu-va-organiser-une-ceremonie-officielle-de-signature-de-laccord-de-paris-en-avril","status":"publish","type":"post","link":"https:\/\/www.un.org\/sustainabledevelopment\/fr\/2016\/01\/12\/cop21-lonu-va-organiser-une-ceremonie-officielle-de-signature-de-laccord-de-paris-en-avril\/","title":{"rendered":"L&rsquo;ONU va organiser une c\u00e9r\u00e9monie officielle de signature de l&rsquo;Accord de Paris en avril"},"content":{"rendered":"<p>15 d\u00e9cembre 2015 \u2013 Le Secr\u00e9taire g\u00e9n\u00e9ral de l&rsquo;ONU, Ban Ki-moon, a indiqu\u00e9 mardi, lors d&rsquo;un expos\u00e9 devant l&rsquo;Assembl\u00e9e g\u00e9n\u00e9rale des Nations Unies, qu&rsquo;une c\u00e9r\u00e9monie officielle de signature de l&rsquo;Accord de Paris sur les changements climatiques, adopt\u00e9 samedi 12 d\u00e9cembre, aurait lieu le 22 avril 2016 au si\u00e8ge de l&rsquo;ONU \u00e0 New York.<\/p>\n<p>\u00ab Il y a soixante-dix ans, l&rsquo;Organisation des Nations Unies a \u00e9t\u00e9 cr\u00e9\u00e9e sur les cendres de la Seconde Guerre mondiale. Sept d\u00e9cennies plus tard, \u00e0 Paris, les nations se sont unies face \u00e0 une autre menace &#8211; la menace sur la vie telle que nous la connaissons en raison du r\u00e9chauffement rapide de la plan\u00e8te \u00bb, a dit M. Ban lors de cet expos\u00e9.<\/p>\n<p>\u00ab Comme premi\u00e8re \u00e9tape dans la mise en \u0153uvre de l&rsquo;Accord de Paris, je vais convoquer, comme cela est pr\u00e9vu par l&rsquo;Accord et par la Convention, une c\u00e9r\u00e9monie de signature de haut niveau ici \u00e0 New York, le 22 avril l&rsquo;ann\u00e9e prochaine \u00bb, a-t-il ajout\u00e9. \u00ab Je vais inviter les dirigeants du monde \u00e0 venir pour aider \u00e0 maintenir et \u00e0 accro\u00eetre la dynamique \u00bb.<\/p>\n<p>Selon le Secr\u00e9taire g\u00e9n\u00e9ral, \u00ab en travaillant ensemble, nous pouvons atteindre notre objectif commun de mettre fin \u00e0 la pauvret\u00e9, renforcer la paix, et assurer une vie de dignit\u00e9 et d&rsquo;opportunit\u00e9s pour tous \u00bb.<\/p>\n<p>\u00ab L&rsquo;Accord de Paris est un triomphe pour les gens, la plan\u00e8te et pour le multilat\u00e9ralisme \u00bb, a-t-il ajout\u00e9.<\/p>\n<p>Ban Ki-moon a tenu \u00e0 f\u00e9liciter le Pr\u00e9sident fran\u00e7ais Fran\u00e7ois Hollande et le pr\u00e9sident de la Conf\u00e9rence des Nations Unies sur les changements climatiques (COP21), Laurent Fabius, pour avoir permis aux n\u00e9gociations de s&rsquo;achever sur un succ\u00e8s. \u00ab Ils sont rest\u00e9s d\u00e9termin\u00e9s \u00e0 organiser cette conf\u00e9rence malgr\u00e9 les \u00e9v\u00e9nements tragiques du 13 novembre \u00e0 Paris \u00bb.<\/p>\n<p>Le chef de l&rsquo;ONU a \u00e9galement remerci\u00e9 la Secr\u00e9taire ex\u00e9cutive de la Convention-cadre des Nations Unies sur les changements climatiques (CCNUCC), Christiana Figueres, et son personnel, pour leur contribution exceptionnelle \u00e0 ce succ\u00e8s historique. Il a aussi tenu \u00e0 remercier le Pr\u00e9sident de l&rsquo;Assembl\u00e9e g\u00e9n\u00e9rale des Nations Unies, Mogens Lykketoft, pour son soutien et son leadership.<\/p>\n<p>\u00ab Travaillant dans un esprit constructif, les gouvernements ont forg\u00e9 \u00e0 Paris un accord ambitieux, cr\u00e9dible, flexible et durable ancr\u00e9 dans le principe de solidarit\u00e9 \u00bb, a soulign\u00e9 M. Ban.<\/p>\n<p>Selon lui, il faut maintenant se tourner imm\u00e9diatement vers la mise en \u0153uvre de cet accord, qui a des implications positives pour tous les objectifs de d\u00e9veloppement durable.<\/p>\n","protected":false},"excerpt":{"rendered":"<p>15 d\u00e9cembre 2015 \u2013 Le Secr\u00e9taire g\u00e9n\u00e9ral de l&rsquo;ONU, Ban  [&#8230;]<\/p>\n","protected":false},"author":136,"featured_media":4846,"comment_status":"closed","ping_status":"closed","sticky":false,"template":"","format":"standard","meta":{"_et_pb_use_builder":"","_et_pb_old_content":"","_et_gb_content_width":"","footnotes":""},"categories":[16,5],"tags":[],"class_list":["post-4842","post","type-post","status-publish","format-standard","has-post-thumbnail","hentry","category-news","category-climate-change"],"_links":{"self":[{"href":"https:\/\/www.un.org\/sustainabledevelopment\/fr\/wp-json\/wp\/v2\/posts\/4842","targetHints":{"allow":["GET"]}}],"collection":[{"href":"https:\/\/www.un.org\/sustainabledevelopment\/fr\/wp-json\/wp\/v2\/posts"}],"about":[{"href":"https:\/\/www.un.org\/sustainabledevelopment\/fr\/wp-json\/wp\/v2\/types\/post"}],"author":[{"embeddable":true,"href":"https:\/\/www.un.org\/sustainabledevelopment\/fr\/wp-json\/wp\/v2\/users\/136"}],"replies":[{"embeddable":true,"href":"https:\/\/www.un.org\/sustainabledevelopment\/fr\/wp-json\/wp\/v2\/comments?post=4842"}],"version-history":[{"count":0,"href":"https:\/\/www.un.org\/sustainabledevelopment\/fr\/wp-json\/wp\/v2\/posts\/4842\/revisions"}],"wp:featuredmedia":[{"embeddable":true,"href":"https:\/\/www.un.org\/sustainabledevelopment\/fr\/wp-json\/wp\/v2\/media\/4846"}],"wp:attachment":[{"href":"https:\/\/www.un.org\/sustainabledevelopment\/fr\/wp-json\/wp\/v2\/media?parent=4842"}],"wp:term":[{"taxonomy":"category","embeddable":true,"href":"https:\/\/www.un.org\/sustainabledevelopment\/fr\/wp-json\/wp\/v2\/categories?post=4842"},{"taxonomy":"post_tag","embeddable":true,"href":"https:\/\/www.un.org\/sustainabledevelopment\/fr\/wp-json\/wp\/v2\/tags?post=4842"}],"curies":[{"name":"wp","href":"https:\/\/api.w.org\/{rel}","templated":true}]}}