  {"id":4850,"date":"2016-01-12T22:59:22","date_gmt":"2016-01-12T22:59:22","guid":{"rendered":"http:\/\/www.un.org\/sustainabledevelopment\/fr\/?p=4850"},"modified":"2016-01-12T23:15:56","modified_gmt":"2016-01-12T23:15:56","slug":"ban-ki-moon-laccord-de-paris-sur-le-climat-est-un-signe-despoir-en-ces-temps-troubles","status":"publish","type":"post","link":"https:\/\/www.un.org\/sustainabledevelopment\/fr\/2016\/01\/12\/ban-ki-moon-laccord-de-paris-sur-le-climat-est-un-signe-despoir-en-ces-temps-troubles\/","title":{"rendered":"Ban Ki-moon : l&rsquo;Accord de Paris sur le climat est un signe d&rsquo;espoir en ces temps troubl\u00e9s"},"content":{"rendered":"<p>16 d\u00e9cembre 2015 \u2013 A l&rsquo;occasion de sa conf\u00e9rence de presse de fin d&rsquo;ann\u00e9e mercredi, le Secr\u00e9taire g\u00e9n\u00e9ral de l&rsquo;ONU, Ban Ki-moon, a une nouvelle fois soulign\u00e9 combien l&rsquo;Accord de Paris sur le climat, adopt\u00e9 le 12 d\u00e9cembre, \u00e9tait un signe d&rsquo;espoir pour la plan\u00e8te en ces temps troubl\u00e9s.<\/p>\n<p>\u00ab Nous achevons une ann\u00e9e charni\u00e8re au cours de laquelle l&rsquo;Organisation des Nations Unies a marqu\u00e9 son 70\u00e8me anniversaire et a pris des mesures historiques pour promouvoir le d\u00e9veloppement durable et un accord sur le climat \u00bb, a dit M. Ban lors de cette conf\u00e9rence de presse.<\/p>\n<p>\u00ab L&rsquo;Accord de Paris sur le changement climatique est un signe d&rsquo;espoir en ces temps troubl\u00e9s. Il est un triomphe pour le multilat\u00e9ralisme qui montre les r\u00e9sultats obtenus par les Nations Unies et dont le monde a d\u00e9sesp\u00e9r\u00e9ment besoin \u00bb, a-t-il ajout\u00e9. \u00ab Le Pr\u00e9sident Fran\u00e7ois Hollande et le Ministre des affaires \u00e9trang\u00e8res Laurent Fabius, de la France, ont montr\u00e9 un leadership qui est une source d&rsquo;inspiration, y compris en refusant de se laisser d\u00e9courager par les attaques terroristes du 13 novembre \u00bb.<\/p>\n<p>Le Secr\u00e9taire g\u00e9n\u00e9ral a remerci\u00e9 tous ceux au sein des gouvernements, du secteur priv\u00e9 et de la soci\u00e9t\u00e9 civile qui ont permis ce r\u00e9sultat.<\/p>\n<p>\u00ab L&rsquo;Accord de Paris a d\u00e9pass\u00e9 les attentes. Les dirigeants du monde ont reconnu que nous pouvions et devions faire mieux que de nous contenter du plus petit d\u00e9nominateur commun. Donc, ils ont vis\u00e9 plus haut. L&rsquo;Accord de Paris nous donne un plan ambitieux pour la plan\u00e8te \u00bb, a soulign\u00e9 M. Ban.<\/p>\n<p>Le chef de l&rsquo;ONU a rappel\u00e9 que depuis sa prise de fonctions en 2007, il y a neuf ans, il s&rsquo;est efforc\u00e9 d&rsquo;obtenir un accord.<\/p>\n<p>\u00ab Maintenant, je vais encourager les dirigeants du monde \u00e0 mettre en pratique leurs promesses \u00bb, a-t-il ajout\u00e9.<\/p>\n<p>L&rsquo;ann\u00e9e 2015 a \u00e9galement \u00e9t\u00e9 marqu\u00e9e par d&rsquo;autres moments importants pour la plan\u00e8te, a-t-il rappel\u00e9, citant l&rsquo;adoption du Programme de d\u00e9veloppement durable \u00e0 l&rsquo;horizon 2030 en septembre et l&rsquo;adoption du Programme d&rsquo;action d&rsquo;Addis-Abeba pour le financement du d\u00e9veloppement en juillet.<\/p>\n<p>L&rsquo;Accord-cadre sur la r\u00e9duction des risques de catastrophes adopt\u00e9 \u00e0 Sendai en mars a \u00e9galement donn\u00e9 un coup de pouce aux efforts en mati\u00e8re de r\u00e9silience.<\/p>\n","protected":false},"excerpt":{"rendered":"<p>16 d\u00e9cembre 2015 \u2013 A l&rsquo;occasion de sa conf\u00e9rence de  [&#8230;]<\/p>\n","protected":false},"author":136,"featured_media":4854,"comment_status":"closed","ping_status":"closed","sticky":false,"template":"","format":"standard","meta":{"_et_pb_use_builder":"","_et_pb_old_content":"","_et_gb_content_width":"","footnotes":""},"categories":[16,5],"tags":[],"class_list":["post-4850","post","type-post","status-publish","format-standard","has-post-thumbnail","hentry","category-news","category-climate-change"],"_links":{"self":[{"href":"https:\/\/www.un.org\/sustainabledevelopment\/fr\/wp-json\/wp\/v2\/posts\/4850","targetHints":{"allow":["GET"]}}],"collection":[{"href":"https:\/\/www.un.org\/sustainabledevelopment\/fr\/wp-json\/wp\/v2\/posts"}],"about":[{"href":"https:\/\/www.un.org\/sustainabledevelopment\/fr\/wp-json\/wp\/v2\/types\/post"}],"author":[{"embeddable":true,"href":"https:\/\/www.un.org\/sustainabledevelopment\/fr\/wp-json\/wp\/v2\/users\/136"}],"replies":[{"embeddable":true,"href":"https:\/\/www.un.org\/sustainabledevelopment\/fr\/wp-json\/wp\/v2\/comments?post=4850"}],"version-history":[{"count":0,"href":"https:\/\/www.un.org\/sustainabledevelopment\/fr\/wp-json\/wp\/v2\/posts\/4850\/revisions"}],"wp:featuredmedia":[{"embeddable":true,"href":"https:\/\/www.un.org\/sustainabledevelopment\/fr\/wp-json\/wp\/v2\/media\/4854"}],"wp:attachment":[{"href":"https:\/\/www.un.org\/sustainabledevelopment\/fr\/wp-json\/wp\/v2\/media?parent=4850"}],"wp:term":[{"taxonomy":"category","embeddable":true,"href":"https:\/\/www.un.org\/sustainabledevelopment\/fr\/wp-json\/wp\/v2\/categories?post=4850"},{"taxonomy":"post_tag","embeddable":true,"href":"https:\/\/www.un.org\/sustainabledevelopment\/fr\/wp-json\/wp\/v2\/tags?post=4850"}],"curies":[{"name":"wp","href":"https:\/\/api.w.org\/{rel}","templated":true}]}}