  {"id":5280,"date":"2016-04-21T16:22:58","date_gmt":"2016-04-21T16:22:58","guid":{"rendered":"http:\/\/www.un.org\/sustainabledevelopment\/fr\/?p=5280"},"modified":"2017-11-13T12:32:42","modified_gmt":"2017-11-13T17:32:42","slug":"signature-vendredi-de-laccord-de-paris-sur-le-climat-une-premiere-etape-necessaire-mais-pas-suffisante-selon-lonu","status":"publish","type":"post","link":"https:\/\/www.un.org\/sustainabledevelopment\/fr\/2016\/04\/21\/signature-vendredi-de-laccord-de-paris-sur-le-climat-une-premiere-etape-necessaire-mais-pas-suffisante-selon-lonu\/","title":{"rendered":"Signature vendredi de l&rsquo;Accord de Paris sur le climat : une premi\u00e8re \u00e9tape n\u00e9cessaire, mais pas suffisante, selon l&rsquo;ONU"},"content":{"rendered":"<p>21 avril 2016 \u2013 A la veille de la c\u00e9r\u00e9monie de signature de l&rsquo;Accord de Paris sur le climat, deux experts des Nations Unies ont appel\u00e9 jeudi les futurs signataires \u00e0 aller au-del\u00e0 de leurs engagements actuels en terme de r\u00e9duction des \u00e9missions de gaz \u00e0 effet de serre, sous peine d&rsquo;\u00eatre rapidement d\u00e9pass\u00e9s par l&rsquo;augmentation des catastrophes m\u00e9t\u00e9orologiques et de la temp\u00e9rature mondiale.<\/p>\n<p>L&rsquo;Accord de Paris a \u00e9t\u00e9 conclu le 12 d\u00e9cembre 2015 dans la capitale fran\u00e7aise, lors de la 21\u00e8me Conf\u00e9rence des Etats parties \u00e0 la Convention-Cadre des Nations Unies sur les changements Climatiques (CCNUCC), dite COP21. Dans le cadre de cet accord historique, les 196 Etats parties se sont engag\u00e9s \u00e0 prendre des mesures pour maintenir l&rsquo;\u00e9l\u00e9vation de la temp\u00e9rature mondiale en dessous de 2 degr\u00e9s Celsius d&rsquo;ici la fin du si\u00e8cle. Une c\u00e9r\u00e9monie de signature de cet accord est pr\u00e9vue demain, vendredi 22 avril, au Si\u00e8ge de l&rsquo;ONU, \u00e0 New York<\/p>\n<p>\u00ab Je me r\u00e9jouis du fait que plus de 160 pays ont annonc\u00e9 leur participation \u00e0 la c\u00e9r\u00e9monie de signature de l&rsquo;Accord de Paris, mais il existe un danger r\u00e9el que nous soyons d\u00e9pass\u00e9s par l&rsquo;augmentation rapide du rythme du r\u00e9chauffement climatique, \u00e0 moins que les signataires n&rsquo;augmentent significativement leurs engagements de r\u00e9duction des \u00e9missions de gaz \u00e0 effet de serre \u00bb, a d\u00e9clar\u00e9 dans un communiqu\u00e9 de presse le chef du Bureau des Nations Unies pour la r\u00e9duction des risques de catastrophe (Ä¢¹½ÊÓÆµISDR), Robert Glasser.<\/p>\n<p>\u00ab Il est clair que les conditions m\u00e9t\u00e9orologiques et le climat sont impliqu\u00e9s dans 90% des catastrophes majeures imputables \u00e0 des risques naturels. Les s\u00e9cheresses, inondations, temp\u00eates et canicules ont le potentiel de saper les efforts de nombreux pays en d\u00e9veloppement pour \u00e9liminer la pauvret\u00e9 \u00bb, a d\u00e9clar\u00e9 le chef de l&rsquo;Ä¢¹½ÊÓÆµISDR.<\/p>\n<p>Au cours des 12 derniers mois, M. Glasser a d\u00e9clar\u00e9 que le monde a assist\u00e9 \u00e0 une s\u00e9rie d&rsquo;\u00e9v\u00e9nements d\u00e9vastateurs, y compris une multiplication par deux des s\u00e9cheresses d\u00e9clench\u00e9es en partie par le ph\u00e9nom\u00e8ne climatique El Ni\u00f1o et qui menacent la s\u00e9curit\u00e9 alimentaire de 100 millions de personnes. Le courant chaud \u00e9quatorial est \u00e9galement responsable d&rsquo;un des pires \u00e9pisodes de blanchiment corallien jamais recens\u00e9s, a-t-il ajout\u00e9.<\/p>\n<p>Selon la presse, la hausse de la temp\u00e9rature li\u00e9e \u00e0 El Ni\u00f1o provoque en effet un ph\u00e9nom\u00e8ne de d\u00e9p\u00e9rissement des coraux qui se traduit par une d\u00e9coloration et une insuffisance en apports nutritifs conduisant \u00e0 leur mort. La disparition des r\u00e9cifs coralliens a un impact tr\u00e8s important sur l&rsquo;\u00e9cosyst\u00e8me marin, car ils fournissent leur nourriture \u00e0 de nombreuses esp\u00e8ces de poissons et de crustac\u00e9s.<\/p>\n<p>\u00ab La signature de l&rsquo;accord de Paris est une premi\u00e8re \u00e9tape, mais le monde a besoin de prendre position d\u00e8s maintenant pour une transition rapide des combustibles fossiles au profit de sources d&rsquo;\u00e9nergie renouvelables \u00bb, a appel\u00e9 le chef de l&rsquo;Ä¢¹½ÊÓÆµISDR.<\/p>\n<p>Sans cela, a-t-il mis en garde, le fardeau humanitaire engendr\u00e9 par les r\u00e9ponses aux catastrophes naturelles va cro\u00eetre de fa\u00e7on exponentielle et les pertes \u00e9conomiques engendr\u00e9es continueront de priver le monde de revenus qui pourraient \u00eatre utilis\u00e9s pour am\u00e9liorer la sant\u00e9, l&rsquo;\u00e9ducation et la s\u00e9curit\u00e9 sociale des plus pauvres.<\/p>\n<p>L&rsquo;Accord de Paris repr\u00e9sente toutefois une avanc\u00e9e majeure pour le monde, notamment parce qu&rsquo;il reconna\u00eet que le respect des droits de l&rsquo;homme fait partie int\u00e9grante de la lutte contre le changement climatique, a de son c\u00f4t\u00e9 estim\u00e9 le Rapporteur sp\u00e9cial de l&rsquo;ONU sur les droits de l&rsquo;homme et l&rsquo;environnement, John Knox.<\/p>\n<p>\u00ab Pour la premi\u00e8re fois, un accord environnemental mondial mentionne explicitement les droits humains \u00bb, a d\u00e9clar\u00e9 l&rsquo;expert.<\/p>\n<p>L&rsquo;Accord de Paris invite en effet les Etats parties \u00e0 respecter leurs obligations en mati\u00e8re de droits dans le cadre des mesures prises pour lutter contre le changement climatique. Il mentionne aussi les droits humains particuli\u00e8rement touch\u00e9s par le changement climatique, y compris le droit \u00e0 la sant\u00e9 et les droits des peuples autochtones, des migrants, des enfants et des personnes handicap\u00e9es, ainsi que l&rsquo;\u00e9galit\u00e9 des sexes et l&rsquo;\u00e9quit\u00e9 interg\u00e9n\u00e9rationnelle.<\/p>\n<p>\u00ab L&rsquo;objectif de l&rsquo;Accord de Paris de maintenir l&rsquo;augmentation de la temp\u00e9rature moyenne mondiale largement en dessous de 2 \u00b0 C par rapport aux niveaux pr\u00e9industriels, et de s&rsquo;efforcer de limiter cette augmentation \u00e0 1,5 \u00b0 C, est un excellent d\u00e9but \u00bb, a estim\u00e9 le Rapporteur sp\u00e9cial.<\/p>\n<p>\u00ab Malheureusement, les engagements r\u00e9alis\u00e9s par les gouvernements \u00e0 ce jour sont insuffisants pour atteindre cet objectif global \u00bb, a d\u00e9plor\u00e9 M. Knox.<\/p>\n<p>Selon le Programme des Nations Unies pour l&rsquo;environnement (PNUE), la mise en \u0153uvre compl\u00e8te des engagements r\u00e9alis\u00e9s dans le cadre de l&rsquo;Accord de Paris conduirait \u00e0 des niveaux d&rsquo;\u00e9missions en 2030 qui entra\u00eeneraient probablement une augmentation globale de la temp\u00e9rature moyenne de plus de 2 \u00b0 C, et tr\u00e8s probablement de plus de 3 \u00b0 C.<\/p>\n<p>\u00ab M\u00eame s&rsquo;ils respectent leurs engagements actuels, les \u00c9tats ne satisferont pas \u00e0 leurs obligations en mati\u00e8re de droits \u00bb, a par cons\u00e9quent d\u00e9clar\u00e9 M. Knox. \u00ab Du point de vue des droits de l&rsquo;homme, il est n\u00e9cessaire non seulement de mettre en \u0153uvre les engagements actuels, mais aussi de les renforcer pour atteindre l&rsquo;objectif \u00e9nonc\u00e9 \u00e0 l&rsquo;article 2 de l&rsquo;Accord de Paris \u00bb.<\/p>\n","protected":false},"excerpt":{"rendered":"<p>21 avril 2016 \u2013 A la veille de la c\u00e9r\u00e9monie  [&#8230;]<\/p>\n","protected":false},"author":146,"featured_media":5289,"comment_status":"closed","ping_status":"closed","sticky":false,"template":"","format":"standard","meta":{"_et_pb_use_builder":"","_et_pb_old_content":"","_et_gb_content_width":"","footnotes":""},"categories":[16],"tags":[],"class_list":["post-5280","post","type-post","status-publish","format-standard","has-post-thumbnail","hentry","category-news"],"_links":{"self":[{"href":"https:\/\/www.un.org\/sustainabledevelopment\/fr\/wp-json\/wp\/v2\/posts\/5280","targetHints":{"allow":["GET"]}}],"collection":[{"href":"https:\/\/www.un.org\/sustainabledevelopment\/fr\/wp-json\/wp\/v2\/posts"}],"about":[{"href":"https:\/\/www.un.org\/sustainabledevelopment\/fr\/wp-json\/wp\/v2\/types\/post"}],"author":[{"embeddable":true,"href":"https:\/\/www.un.org\/sustainabledevelopment\/fr\/wp-json\/wp\/v2\/users\/146"}],"replies":[{"embeddable":true,"href":"https:\/\/www.un.org\/sustainabledevelopment\/fr\/wp-json\/wp\/v2\/comments?post=5280"}],"version-history":[{"count":0,"href":"https:\/\/www.un.org\/sustainabledevelopment\/fr\/wp-json\/wp\/v2\/posts\/5280\/revisions"}],"wp:featuredmedia":[{"embeddable":true,"href":"https:\/\/www.un.org\/sustainabledevelopment\/fr\/wp-json\/wp\/v2\/media\/5289"}],"wp:attachment":[{"href":"https:\/\/www.un.org\/sustainabledevelopment\/fr\/wp-json\/wp\/v2\/media?parent=5280"}],"wp:term":[{"taxonomy":"category","embeddable":true,"href":"https:\/\/www.un.org\/sustainabledevelopment\/fr\/wp-json\/wp\/v2\/categories?post=5280"},{"taxonomy":"post_tag","embeddable":true,"href":"https:\/\/www.un.org\/sustainabledevelopment\/fr\/wp-json\/wp\/v2\/tags?post=5280"}],"curies":[{"name":"wp","href":"https:\/\/api.w.org\/{rel}","templated":true}]}}