  {"id":5292,"date":"2016-04-21T16:41:16","date_gmt":"2016-04-21T16:41:16","guid":{"rendered":"http:\/\/www.un.org\/sustainabledevelopment\/fr\/?p=5292"},"modified":"2016-04-21T16:41:16","modified_gmt":"2016-04-21T16:41:16","slug":"deux-evenements-a-lonu-celebrent-jeudi-et-vendredi-laction-climatique-et-le-developpement-durable","status":"publish","type":"post","link":"https:\/\/www.un.org\/sustainabledevelopment\/fr\/2016\/04\/21\/deux-evenements-a-lonu-celebrent-jeudi-et-vendredi-laction-climatique-et-le-developpement-durable\/","title":{"rendered":"Deux \u00e9v\u00e8nements \u00e0 l&rsquo;ONU c\u00e9l\u00e9brent jeudi et vendredi l&rsquo;action climatique et le d\u00e9veloppement durable"},"content":{"rendered":"<p>20 avril 2016 \u2013 Le si\u00e8ge des Nations Unies, \u00e0 New York, va accueillir jeudi et vendredi deux \u00e9v\u00e8nements majeurs et interd\u00e9pendants : un d\u00e9bat th\u00e9matique de haut niveau sur la r\u00e9alisation du Programme de d\u00e9veloppement durable \u00e0 l&rsquo;horizon 2030 et la c\u00e9r\u00e9monie de signature de l&rsquo;Accord de Paris sur le climat.<\/p>\n<p>Le Programme de d\u00e9veloppement durable \u00e0 l&rsquo;horizon 2030 avait \u00e9t\u00e9 adopt\u00e9 par les Etats membres, le 25 septembre 2015, en pr\u00e9sence de dizaines de dirigeants mondiaux qui s&rsquo;\u00e9taient rendus \u00e0 New York pour l&rsquo;occasion.<\/p>\n<p>Intitul\u00e9 &lsquo;Transformer notre monde : le Programme de d\u00e9veloppement durable \u00e0 l&rsquo;horizon 2030&rsquo;, il comporte 17 Objectifs de d\u00e9veloppement durable (ODD), con\u00e7us pour parachever d&rsquo;ici \u00e0 2030 les efforts entam\u00e9s dans le cadre des Objectifs du Mill\u00e9naire pour le d\u00e9veloppement (<a href=\"https:\/\/www.un.org\/fr\/millenniumgoals\/\">OMD<\/a>). Ces derniers, lanc\u00e9s en 2000, avaient pour principal objectif d&rsquo;\u00e9radiquer l&rsquo;extr\u00eame pauvret\u00e9 dans le monde d&rsquo;ici 2015.<\/p>\n<p>A bien des \u00e9gards, les 17 ODD et leurs 169 cibles ont une port\u00e9e plus large que les 8 OMD et leurs 21 cibles. L\u00e0 o\u00f9 ces derniers \u00e9taient centr\u00e9s principalement sur des th\u00e9matiques sociales, les ODD couvrent l&rsquo;ensemble des dimensions du d\u00e9veloppement durable, \u00e0 savoir la croissance \u00e9conomique, l&rsquo;int\u00e9gration sociale et la protection de l&rsquo;environnement.<\/p>\n<p>Etant donn\u00e9 l&rsquo;interd\u00e9pendance du lien entre le d\u00e9veloppement durable et la lutte contre le r\u00e9chauffement climatique, le Pr\u00e9sident de l&rsquo;Assembl\u00e9e g\u00e9n\u00e9rale de l&rsquo;ONU, Mogens Lykketoft, a souhait\u00e9 convoquer jeudi 21 avril, la veille de la c\u00e9r\u00e9monie de signature de l&rsquo;Accord de Paris sur le climat, un d\u00e9bat th\u00e9matique de haut niveau concernant r\u00e9alisation des ODD.<\/p>\n<p>Con\u00e7u pour sensibiliser l&rsquo;opinion publique internationale \u00e0 la mise en \u0153uvre du d\u00e9veloppement durable, cet \u00e9v\u00e9nement rassemblera \u00e0 New York des dirigeants mondiaux issus de l&rsquo;ar\u00e8ne politiques, du monde des affaires et de la soci\u00e9t\u00e9 civile.<\/p>\n<p>Il donnera lieu \u00e0 une multitude d&rsquo;\u00e9v\u00e8nements, articul\u00e9s autour de cinq grands th\u00e8mes : la n\u00e9cessit\u00e9 d&rsquo;agir simultan\u00e9ment dans tous les domaines du d\u00e9veloppement ; le financement de l&rsquo;\u00e9radication de la pauvret\u00e9 et du d\u00e9veloppement durable ; la technologie et les donn\u00e9es de suivi de la r\u00e9alisation des ODD, les partenariats pour la mise en \u0153uvre des ODD ; et l&rsquo;action climatique dans le contexte du d\u00e9veloppement durable.<\/p>\n<p>Ce dernier point permettra tout particuli\u00e8rement d&rsquo;aborder les synergies entre les ODD et l&rsquo;action climatique. A cette fin, la Secr\u00e9taire ex\u00e9cutive de la Convention-Cadre des Nations Unies sur les changements Climatiques (CCNUCC), Christiana Figueres, animera notamment dans la journ\u00e9e un d\u00e9bat avec la Ministre fran\u00e7aise de l&rsquo;\u00e9cologie, du d\u00e9veloppement durable et de l&rsquo;\u00e9nergie, S\u00e9gol\u00e8ne Royal.<\/p>\n<p>Mme Royal est actuellement la Pr\u00e9sidente de la 21\u00e8me Conf\u00e9rence des Parties \u00e0 la Convention-Cadre dans la capitale fran\u00e7aise, dite COP21, au cours de laquelle les196 Etats parties ont conclu, le 12 d\u00e9cembre 2015, l&rsquo;Accord de Paris, qui sera sign\u00e9 le lendemain, vendredi 22 avril, au si\u00e8ge de l&rsquo;ONU. Elle a remplac\u00e9 le Ministre fran\u00e7ais des affaires \u00e9trang\u00e8res, Laurent Fabius, qui occupait ce poste jusqu&rsquo;\u00e0 r\u00e9cemment.<\/p>\n<p>Plus de 160 Etats ont annonc\u00e9 \u00e0 ce jour leur participation \u00e0 la c\u00e9r\u00e9monie de signature de cet accord historique, dans le cadre duquel les Parties se sont engag\u00e9es \u00e0 prendre des mesures ambitieuses pour maintenir l&rsquo;\u00e9l\u00e9vation de la temp\u00e9rature mondiale en dessous de 2 \u00b0C d&rsquo;ici \u00e0 la fin du si\u00e8cle.<\/p>\n","protected":false},"excerpt":{"rendered":"<p>20 avril 2016 \u2013 Le si\u00e8ge des Nations Unies, \u00e0  [&#8230;]<\/p>\n","protected":false},"author":146,"featured_media":5295,"comment_status":"closed","ping_status":"closed","sticky":false,"template":"","format":"standard","meta":{"_et_pb_use_builder":"","_et_pb_old_content":"","_et_gb_content_width":"","footnotes":""},"categories":[16],"tags":[],"class_list":["post-5292","post","type-post","status-publish","format-standard","has-post-thumbnail","hentry","category-news"],"_links":{"self":[{"href":"https:\/\/www.un.org\/sustainabledevelopment\/fr\/wp-json\/wp\/v2\/posts\/5292","targetHints":{"allow":["GET"]}}],"collection":[{"href":"https:\/\/www.un.org\/sustainabledevelopment\/fr\/wp-json\/wp\/v2\/posts"}],"about":[{"href":"https:\/\/www.un.org\/sustainabledevelopment\/fr\/wp-json\/wp\/v2\/types\/post"}],"author":[{"embeddable":true,"href":"https:\/\/www.un.org\/sustainabledevelopment\/fr\/wp-json\/wp\/v2\/users\/146"}],"replies":[{"embeddable":true,"href":"https:\/\/www.un.org\/sustainabledevelopment\/fr\/wp-json\/wp\/v2\/comments?post=5292"}],"version-history":[{"count":0,"href":"https:\/\/www.un.org\/sustainabledevelopment\/fr\/wp-json\/wp\/v2\/posts\/5292\/revisions"}],"wp:featuredmedia":[{"embeddable":true,"href":"https:\/\/www.un.org\/sustainabledevelopment\/fr\/wp-json\/wp\/v2\/media\/5295"}],"wp:attachment":[{"href":"https:\/\/www.un.org\/sustainabledevelopment\/fr\/wp-json\/wp\/v2\/media?parent=5292"}],"wp:term":[{"taxonomy":"category","embeddable":true,"href":"https:\/\/www.un.org\/sustainabledevelopment\/fr\/wp-json\/wp\/v2\/categories?post=5292"},{"taxonomy":"post_tag","embeddable":true,"href":"https:\/\/www.un.org\/sustainabledevelopment\/fr\/wp-json\/wp\/v2\/tags?post=5292"}],"curies":[{"name":"wp","href":"https:\/\/api.w.org\/{rel}","templated":true}]}}