  {"id":5313,"date":"2016-04-22T21:24:13","date_gmt":"2016-04-22T21:24:13","guid":{"rendered":"http:\/\/www.un.org\/sustainabledevelopment\/fr\/?p=5313"},"modified":"2016-04-22T21:24:13","modified_gmt":"2016-04-22T21:24:13","slug":"ban-ki-moon-il-faut-que-laccord-de-paris-sur-le-climat-entre-en-vigueur-des-que-possible","status":"publish","type":"post","link":"https:\/\/www.un.org\/sustainabledevelopment\/fr\/2016\/04\/22\/ban-ki-moon-il-faut-que-laccord-de-paris-sur-le-climat-entre-en-vigueur-des-que-possible\/","title":{"rendered":"Ban Ki-moon : il faut que l&rsquo;Accord de Paris sur le climat \u00ab entre en vigueur d\u00e8s que possible \u00bb"},"content":{"rendered":"<p>22 avril 2016 \u2013 A l&rsquo;occasion d&rsquo;une conf\u00e9rence de presse en marge de la c\u00e9r\u00e9monie de signature de l&rsquo;Accord de Paris sur le climat vendredi au si\u00e8ge de l&rsquo;ONU \u00e0 New York, le Secr\u00e9taire g\u00e9n\u00e9ral de l&rsquo;Organisation, Ban Ki-moon, a appel\u00e9 \u00e0 ce que cet accord \u00ab entre en vigueur d\u00e8s que possible \u00bb.<\/p>\n<p>\u00ab Aujourd&rsquo;hui est un jour historique. Au moins 175 pays sont ici pour signer l&rsquo;Accord de Paris sur le changement climatique. C&rsquo;est de loin le plus grand nombre de pays \u00e0 signer un accord international en un seul jour \u00bb, a dit M. Ban lors de cette conf\u00e9rence de presse conjointe avec le Pr\u00e9sident Fran\u00e7ois Hollande de la France, pays h\u00f4te de la 21\u00e8me Conf\u00e9rence des Etats parties \u00e0 la Convention-Cadre des Nations Unies sur les changements Climatiques (CCNUCC), dite COP21. C&rsquo;est au cours de cette conf\u00e9rence, dans la capitale fran\u00e7aise, que l&rsquo;Accord de Paris a \u00e9t\u00e9 conclu.<\/p>\n<p>\u00ab L&rsquo;\u00e9tape critique suivante consiste \u00e0 veiller \u00e0 ce que l&rsquo;accord entre en vigueur le plus t\u00f4t possible \u00bb, a ajout\u00e9 le Secr\u00e9taire g\u00e9n\u00e9ral. \u00ab La mise en \u0153uvre de l&rsquo;Accord de Paris nous donne une chance d&rsquo;\u00eatre du bon c\u00f4t\u00e9 de l&rsquo;Histoire et du changement \u00bb.<\/p>\n<p>\u00ab Si tous les pays qui ont sign\u00e9 aujourd&rsquo;hui s&rsquo;engagent dans la prochaine \u00e9tape au niveau national et se joignent \u00e0 l&rsquo;accord, le monde aura satisfait \u00e0 l&rsquo;exigence n\u00e9cessaire \u00e0 l&rsquo;Accord de Paris pour entrer en vigueur \u00bb, a-t-il ajout\u00e9.<\/p>\n<p>L&rsquo;Accord de Paris pourra entrer en vigueur 30 jours d\u00e8s qu&rsquo;au moins 55 parties \u00e0 la CCNUCC, repr\u00e9sentant au moins 55% des \u00e9missions mondiales, auront ratifi\u00e9 le document.<\/p>\n<p>Ban Ki-moon a encourag\u00e9 tous les pays \u00e0 aller de l&rsquo;avant et \u00e0 se joindre \u00e0 l&rsquo;accord. \u00ab En particulier, je demande aux pays r\u00e9unis ici aujourd&rsquo;hui de profiter de cette occasion pour annoncer sans tarder un calendrier d&rsquo;adh\u00e9sion \u00bb, a-t-il dit.<\/p>\n<p>Quinze Etats ont d\u00e9pos\u00e9 ce vendredi leurs instruments de ratification, \u00e0 savoir la Barbade, le Belize, les Fidji, la Grenade, les Maldives, les \u00celes Marshall, l&rsquo;\u00eele Maurice, Nauru, les Palaos, l&rsquo;\u00c9tat de Palestine, Saint-Christophe-et-Ni\u00e9v\u00e8s, Sainte-Lucie, Samoa, la Somalie et Tuvalu.<\/p>\n<p>Le chef de l&rsquo;ONU les a f\u00e9licit\u00e9s et rappel\u00e9 que ces pays \u00e9taient aux avant-postes des cons\u00e9quences du changement climatique et consid\u00e9raient l&rsquo;Accord de Paris comme crucial pour \u00ab leur survie \u00bb.<\/p>\n<p>M. Ban a indiqu\u00e9 que dans deux semaines il co-pr\u00e9siderait une &lsquo;Action pour le climat 2016&rsquo; \u00e0 Washington r\u00e9unissant des dirigeants et des experts. \u00ab Ce sera une nouvelle occasion de faire avancer la lutte contre le changement climatique \u00bb, a-t-il dit.<\/p>\n<p>Le Pr\u00e9sident fran\u00e7ais Fran\u00e7ois Hollande a de son c\u00f4t\u00e9 f\u00e9licit\u00e9 tous ceux qui ont rendu possible cette seconde \u00e9tape du processus, la signature de l&rsquo;accord.<\/p>\n<p>Il a rappel\u00e9 qu&rsquo;\u00e0 Paris d&rsquo;autres initiatives avaient \u00e9t\u00e9 lanc\u00e9es, notamment l&rsquo;Alliance internationale sur l&rsquo;\u00e9nergie solaire, le programme de d\u00e9veloppement des \u00e9nergies renouvelables, et la coalition de haut niveau pour fixer un prix aux \u00e9nergies fossiles et au charbon.<\/p>\n<p>Il a ajout\u00e9 que la France devait servir d&rsquo;exemple, pas seulement parce que c&rsquo;est l\u00e0 que l&rsquo;Accord sur le climat a \u00e9t\u00e9 conclu mais parce que le pays a contribu\u00e9 \u00e0 trouver une solution.<\/p>\n<p>\u00ab La France devrait \u00eatre un exemple et montrer qu&rsquo;elle veut \u00eatre la premi\u00e8re, ou l&rsquo;une des premi\u00e8res, non seulement \u00e0 ratifier mais \u00e0 mettre en \u0153uvre les dispositions de l&rsquo;Accord \u00bb, a dit M. Hollande. Il a pr\u00e9cis\u00e9 que la France allait faire passer son financement annuel pour le climat de 3 \u00e0 5 milliards d&rsquo;euros entre maintenant et 2020.<\/p>\n","protected":false},"excerpt":{"rendered":"<p>22 avril 2016 \u2013 A l&rsquo;occasion d&rsquo;une conf\u00e9rence de presse  [&#8230;]<\/p>\n","protected":false},"author":136,"featured_media":5316,"comment_status":"closed","ping_status":"closed","sticky":false,"template":"","format":"standard","meta":{"_et_pb_use_builder":"","_et_pb_old_content":"","_et_gb_content_width":"","footnotes":""},"categories":[16,5,31],"tags":[],"class_list":["post-5313","post","type-post","status-publish","format-standard","has-post-thumbnail","hentry","category-news","category-climate-change","category-developpement-durable"],"_links":{"self":[{"href":"https:\/\/www.un.org\/sustainabledevelopment\/fr\/wp-json\/wp\/v2\/posts\/5313","targetHints":{"allow":["GET"]}}],"collection":[{"href":"https:\/\/www.un.org\/sustainabledevelopment\/fr\/wp-json\/wp\/v2\/posts"}],"about":[{"href":"https:\/\/www.un.org\/sustainabledevelopment\/fr\/wp-json\/wp\/v2\/types\/post"}],"author":[{"embeddable":true,"href":"https:\/\/www.un.org\/sustainabledevelopment\/fr\/wp-json\/wp\/v2\/users\/136"}],"replies":[{"embeddable":true,"href":"https:\/\/www.un.org\/sustainabledevelopment\/fr\/wp-json\/wp\/v2\/comments?post=5313"}],"version-history":[{"count":0,"href":"https:\/\/www.un.org\/sustainabledevelopment\/fr\/wp-json\/wp\/v2\/posts\/5313\/revisions"}],"wp:featuredmedia":[{"embeddable":true,"href":"https:\/\/www.un.org\/sustainabledevelopment\/fr\/wp-json\/wp\/v2\/media\/5316"}],"wp:attachment":[{"href":"https:\/\/www.un.org\/sustainabledevelopment\/fr\/wp-json\/wp\/v2\/media?parent=5313"}],"wp:term":[{"taxonomy":"category","embeddable":true,"href":"https:\/\/www.un.org\/sustainabledevelopment\/fr\/wp-json\/wp\/v2\/categories?post=5313"},{"taxonomy":"post_tag","embeddable":true,"href":"https:\/\/www.un.org\/sustainabledevelopment\/fr\/wp-json\/wp\/v2\/tags?post=5313"}],"curies":[{"name":"wp","href":"https:\/\/api.w.org\/{rel}","templated":true}]}}