  {"id":5445,"date":"2016-10-03T14:38:22","date_gmt":"2016-10-03T14:38:22","guid":{"rendered":"http:\/\/www.un.org\/sustainabledevelopment\/fr\/?p=5445"},"modified":"2017-11-13T12:32:41","modified_gmt":"2017-11-13T17:32:41","slug":"journee-de-lhabitat-lonu-reclame-des-logements-abordables-et-convenables-pour-tous","status":"publish","type":"post","link":"https:\/\/www.un.org\/sustainabledevelopment\/fr\/2016\/10\/03\/journee-de-lhabitat-lonu-reclame-des-logements-abordables-et-convenables-pour-tous\/","title":{"rendered":"Journ\u00e9e de l&rsquo;habitat : l&rsquo;ONU r\u00e9clame des logements abordables et convenables pour tous"},"content":{"rendered":"<p>En cette Journ\u00e9e mondiale de l&rsquo;habitat qui est c\u00e9l\u00e9br\u00e9e chaque ann\u00e9e le 3 octobre, le Secr\u00e9taire g\u00e9n\u00e9ral de l&rsquo;ONU, Ban Ki-moon, a demand\u00e9 aux autorit\u00e9s nationales et locales, aux urbanistes et aux collectivit\u00e9s partout dans le monde de continuer \u00e0 placer le logement au centre de leurs pr\u00e9occupations.<\/p>\n<p>\u00ab Garantir la dignit\u00e9 et l&rsquo;\u00e9galit\u00e9 des chances pour tous passe n\u00e9cessairement par le fait de veiller \u00e0 ce que les populations aient acc\u00e8s \u00e0 des logements abordables et convenables \u00bb, a-t-il dit dans un message.<\/p>\n<p>Plus de la moiti\u00e9 de la population mondiale vit d\u00e9j\u00e0 dans des zones urbaines et environ un quart des citadins vivent dans des taudis ou dans des implantations sauvages.<\/p>\n<p>\u00ab L&rsquo;expansion rapide et non planifi\u00e9e des villes, qu&rsquo;elles soient grandes ou moins grandes, entra\u00eene l&rsquo;augmentation du nombre de personnes pauvres et vuln\u00e9rables qui vivent dans des conditions pr\u00e9caires, dans des espaces de vie inad\u00e9quats, sans b\u00e9n\u00e9ficier d&rsquo;un acc\u00e8s aux services de base, comme l&rsquo;eau, l&rsquo;assainissement, l&rsquo;\u00e9lectricit\u00e9 et les soins de sant\u00e9 \u00bb, a soulign\u00e9 M. Ban. \u00ab Ces personnes sont souvent priv\u00e9es de possibilit\u00e9s d&rsquo;obtenir un travail d\u00e9cent et risquent d&rsquo;\u00eatre expuls\u00e9es et de se retrouver sans abri \u00bb.<\/p>\n<p>Dans le courant de ce mois, les gouvernements et leurs partenaires se r\u00e9uniront \u00e0 Quito, en Equateur, \u00e0 l&rsquo;occasion de la Conf\u00e9rence des Nations Unies sur le logement et le d\u00e9veloppement urbain durable (Habitat III). Tenues tous les 20 ans, les conf\u00e9rences Habitat visent \u00e0 r\u00e9fl\u00e9chir \u00e0 l&rsquo;\u00e9tat des \u00e9tablissements humains et au futur des villes.<\/p>\n<p>\u00ab Je compte que la Conf\u00e9rence Habitat III sera fructueuse et qu&rsquo;elle nous permettra d&rsquo;avancer dans la mise en \u0153uvre de notre programme de d\u00e9veloppement durable, pour le bien de l&rsquo;humanit\u00e9 tout enti\u00e8re \u00bb, a dit M. Ban.<\/p>\n<p>Selon lui, la Conf\u00e9rence Habitat III a une r\u00e9sonance toute particuli\u00e8re en cette ann\u00e9e o\u00f9 le monde entreprend de mettre en \u0153uvre le Programme de d\u00e9veloppement durable \u00e0 l&rsquo;horizon 2030. \u00ab La r\u00e9alisation des 17 objectifs de d\u00e9veloppement durable (ODD) \u00e9nonc\u00e9s dans le Programme d\u00e9pendra en grande partie de notre capacit\u00e9 \u00e0 faire des villes et des \u00e9tablissements humains des collectivit\u00e9s ouvertes \u00e0 tous, s\u00fbres, r\u00e9silientes et durables \u00bb, a-t-il dit.<\/p>\n<p>Le chef de l&rsquo;ONU a rappel\u00e9 que la r\u00e9alisation de cet objectif est le but du Nouveau Programme pour les villes, que les gouvernements adopteront \u00e0 Quito et qui \u00e9tablira des normes mondiales en vue d&rsquo;un d\u00e9veloppement urbain durable.<\/p>\n<p>Ce programme \u00ab aidera \u00e0 repenser notre fa\u00e7on tant de planifier la construction et de g\u00e9rer des villes que d&rsquo;y vivre \u00bb, a not\u00e9 M. Ban.<\/p>\n<p><a href=\"https:\/\/www.un.org\/apps\/newsFr\/storyF.asp?NewsID=38220#.V_5Kz_krKUk\" title=\"Journ\u00e9e de l'habitat : l'ONU r\u00e9clame des logements abordables et convenables pour tous\" target=\"_blank\">Centre d&rsquo;actualit&eacute;s de l&rsquo;ONU<\/a><\/p>\n","protected":false},"excerpt":{"rendered":"<p>En cette Journ\u00e9e mondiale de l&rsquo;habitat qui est c\u00e9l\u00e9br\u00e9e chaque  [&#8230;]<\/p>\n","protected":false},"author":34,"featured_media":5450,"comment_status":"closed","ping_status":"closed","sticky":false,"template":"","format":"standard","meta":{"_et_pb_use_builder":"","_et_pb_old_content":"","_et_gb_content_width":"","footnotes":""},"categories":[4],"tags":[],"class_list":["post-5445","post","type-post","status-publish","format-standard","has-post-thumbnail","hentry","category-cities"],"_links":{"self":[{"href":"https:\/\/www.un.org\/sustainabledevelopment\/fr\/wp-json\/wp\/v2\/posts\/5445","targetHints":{"allow":["GET"]}}],"collection":[{"href":"https:\/\/www.un.org\/sustainabledevelopment\/fr\/wp-json\/wp\/v2\/posts"}],"about":[{"href":"https:\/\/www.un.org\/sustainabledevelopment\/fr\/wp-json\/wp\/v2\/types\/post"}],"author":[{"embeddable":true,"href":"https:\/\/www.un.org\/sustainabledevelopment\/fr\/wp-json\/wp\/v2\/users\/34"}],"replies":[{"embeddable":true,"href":"https:\/\/www.un.org\/sustainabledevelopment\/fr\/wp-json\/wp\/v2\/comments?post=5445"}],"version-history":[{"count":0,"href":"https:\/\/www.un.org\/sustainabledevelopment\/fr\/wp-json\/wp\/v2\/posts\/5445\/revisions"}],"wp:featuredmedia":[{"embeddable":true,"href":"https:\/\/www.un.org\/sustainabledevelopment\/fr\/wp-json\/wp\/v2\/media\/5450"}],"wp:attachment":[{"href":"https:\/\/www.un.org\/sustainabledevelopment\/fr\/wp-json\/wp\/v2\/media?parent=5445"}],"wp:term":[{"taxonomy":"category","embeddable":true,"href":"https:\/\/www.un.org\/sustainabledevelopment\/fr\/wp-json\/wp\/v2\/categories?post=5445"},{"taxonomy":"post_tag","embeddable":true,"href":"https:\/\/www.un.org\/sustainabledevelopment\/fr\/wp-json\/wp\/v2\/tags?post=5445"}],"curies":[{"name":"wp","href":"https:\/\/api.w.org\/{rel}","templated":true}]}}