  {"id":5875,"date":"2017-03-02T18:18:28","date_gmt":"2017-03-02T23:18:28","guid":{"rendered":"http:\/\/www.un.org\/sustainabledevelopment\/fr\/?p=5875"},"modified":"2017-11-13T12:32:39","modified_gmt":"2017-11-13T17:32:39","slug":"la-faim-persiste-dans-les-zones-de-conflits-chroniques-malgre-de-bonnes-recoltes-mondiales-selon-la-fao","status":"publish","type":"post","link":"https:\/\/www.un.org\/sustainabledevelopment\/fr\/2017\/03\/02\/la-faim-persiste-dans-les-zones-de-conflits-chroniques-malgre-de-bonnes-recoltes-mondiales-selon-la-fao\/","title":{"rendered":"La faim persiste dans les zones de conflits chroniques malgr\u00e9 de bonnes r\u00e9coltes mondiales, selon la FAO"},"content":{"rendered":"<p>Si les r\u00e9serves mondiales de nourriture sont abondantes, l&rsquo;acc\u00e8s \u00e0 la nourriture est fortement restreint dans les zones touch\u00e9es par les conflits civils, tandis que la s\u00e9cheresse aggrave l&rsquo;ins\u00e9curit\u00e9 alimentaire dans de nombreuses r\u00e9gions d&rsquo;Afrique de l&rsquo;est, a indiqu\u00e9 l&rsquo;Organisation des Nations Unies pour l&rsquo;agriculture et l&rsquo;alimentation (<a href=\"http:\/\/www.fao.org\/index_fr.htm\">FAO<\/a>) dans un rapport publi\u00e9 jeudi.<\/p>\n<p>Intitul\u00e9 &lsquo;Perspectives de r\u00e9coltes et situation alimentaire&rsquo;, le rapport souligne que les urgences li\u00e9es \u00e0 la s\u00e9curit\u00e9 alimentaire sont appel\u00e9es \u00e0 augmenter.<\/p>\n<p>Selon la FAO, pr\u00e8s de 37 pays ont besoin d&rsquo;une aide ext\u00e9rieure pour se nourrir. 28 d&rsquo;entre eux se situent en Afrique sub-saharienne et subissent toujours les effets prolong\u00e9s de la s\u00e9cheresse de l&rsquo;ann\u00e9e derni\u00e8re provoqu\u00e9e par le ph\u00e9nom\u00e8ne climatique El Ni\u00f1o et notamment ses r\u00e9percussions sur les r\u00e9coltes en 2016.<\/p>\n<p>Pourtant, alors que la production agricole devrait conna\u00eetre un rebond dans cette sous-r\u00e9gion, les combats et les troubles prolong\u00e9s contribuent aux d\u00e9placements de population et entra\u00eenent des souffrances li\u00e9es \u00e0 la faim dans d&rsquo;autres r\u00e9gions du monde. La famine a \u00e9t\u00e9 officiellement d\u00e9clar\u00e9e au Soudan du Sud et la situation de la s\u00e9curit\u00e9 alimentaire suscite de vives inqui\u00e9tudes dans le Nord du Nigeria, en Somalie et au Y\u00e9men.<\/p>\n<p>\u00ab Nous sommes faces \u00e0 une situation sans pr\u00e9c\u00e9dent. Nous n&rsquo;avions jamais \u00e9t\u00e9 confront\u00e9s \u00e0 quatre menaces de famine dans plusieurs pays en m\u00eame temps \u00bb, a d\u00e9clar\u00e9 le Sous-Directeur g\u00e9n\u00e9ral et responsable du D\u00e9partement d\u00e9veloppement \u00e9conomique et social, Kostas Stamoulis. \u00ab Il s&rsquo;agit d&rsquo;agir vite en apportant une aide agricole mais \u00e9galement en renfor\u00e7ant les moyens d&rsquo;existence afin de s&rsquo;assurer que de telles situations ne se r\u00e9p\u00e8tent pas \u00bb, a-t- il ajout\u00e9.<\/p>\n<p>Les conflits et les troubles civils en Afghanistan, au Burundi, en R\u00e9publique centrafricaine, en R\u00e9publique d\u00e9mocratique du Congo, en Irak, en Birmanie et en Syrie ont \u00e9galement contribu\u00e9 \u00e0 exacerber l&rsquo;ins\u00e9curit\u00e9 alimentaire pour des millions de personnes et ont \u00e9galement affect\u00e9 les pays voisins qui accueillent des r\u00e9fugi\u00e9s. De plus, la s\u00e9cheresse en Afrique de l&rsquo;Est, \u00e0 la fin de l&rsquo;ann\u00e9e 2016, a accentu\u00e9 l&rsquo;ins\u00e9curit\u00e9 alimentaire dans plusieurs pays de la sous-r\u00e9gion.<\/p>\n<h5><em>Les tendances mondiales<\/em><\/h5>\n<p>De mani\u00e8re g\u00e9n\u00e9rale, en 2016, la production de c\u00e9r\u00e9ales a connu des gains relativement importants dans le monde, avec notamment une relance record en Am\u00e9rique centrale et de plus grandes cultures c\u00e9r\u00e9ali\u00e8res en Asie, en Europe et en Am\u00e9rique du Nord.<\/p>\n<p>Si l&rsquo;on se projette en avant, les premi\u00e8res pr\u00e9visions mondiales de la FAO pour la production de bl\u00e9 en 2017 indiquent une baisse d&rsquo;1,8 % par rapport au niveau record enregistr\u00e9 l&rsquo;ann\u00e9e derni\u00e8re. Cela est principalement d\u00fb aux pr\u00e9visions faisant \u00e9tat d&rsquo;une baisse de la production de 20% aux Etats-Unis, o\u00f9 les superficies ensemenc\u00e9es pour le bl\u00e9 d&rsquo;hiver n&rsquo;ont jamais \u00e9t\u00e9 aussi r\u00e9duites en l&rsquo;espace de 100 ans.<\/p>\n<p>Les pr\u00e9visions pour les cultures de ma\u00efs en 2017 sont favorables au Br\u00e9sil et en Argentine et les perspectives sont bonnes, de mani\u00e8re g\u00e9n\u00e9rale, pour les c\u00e9r\u00e9ales secondaires dans tout l&rsquo;h\u00e9misph\u00e8re sud. Les perspectives pour le riz sont mitig\u00e9es mais il est encore trop t\u00f4t pour se prononcer de mani\u00e8re cat\u00e9gorique pour de nombreuses autres cultures importantes \u00e0 travers le monde.<\/p>\n<p>En Afrique australe, les r\u00e9coltes de ma\u00efs, amoindries par le ph\u00e9nom\u00e8ne El Ni\u00f1o, devraient s&rsquo;am\u00e9liorer cette ann\u00e9e, avec notamment la production sud-africaine qui devrait augmenter de plus de 50 pour cent depuis 2016 et avec des tendances semblables vers la hausse dans les pays voisins. N\u00e9anmoins, une invasion de chenilles l\u00e9gionnaires et des inondations au Mozambique, en Zambie et au Zimbabwe pourraient limiter les gains de production en 2017.02<\/p>\n","protected":false},"excerpt":{"rendered":"<p>Si les r\u00e9serves mondiales de nourriture sont abondantes, l&rsquo;acc\u00e8s \u00e0  [&#8230;]<\/p>\n","protected":false},"author":136,"featured_media":5879,"comment_status":"closed","ping_status":"closed","sticky":false,"template":"","format":"standard","meta":{"_et_pb_use_builder":"","_et_pb_old_content":"","_et_gb_content_width":"","footnotes":""},"categories":[1],"tags":[],"class_list":["post-5875","post","type-post","status-publish","format-standard","has-post-thumbnail","hentry","category-uncategorized"],"_links":{"self":[{"href":"https:\/\/www.un.org\/sustainabledevelopment\/fr\/wp-json\/wp\/v2\/posts\/5875","targetHints":{"allow":["GET"]}}],"collection":[{"href":"https:\/\/www.un.org\/sustainabledevelopment\/fr\/wp-json\/wp\/v2\/posts"}],"about":[{"href":"https:\/\/www.un.org\/sustainabledevelopment\/fr\/wp-json\/wp\/v2\/types\/post"}],"author":[{"embeddable":true,"href":"https:\/\/www.un.org\/sustainabledevelopment\/fr\/wp-json\/wp\/v2\/users\/136"}],"replies":[{"embeddable":true,"href":"https:\/\/www.un.org\/sustainabledevelopment\/fr\/wp-json\/wp\/v2\/comments?post=5875"}],"version-history":[{"count":0,"href":"https:\/\/www.un.org\/sustainabledevelopment\/fr\/wp-json\/wp\/v2\/posts\/5875\/revisions"}],"wp:featuredmedia":[{"embeddable":true,"href":"https:\/\/www.un.org\/sustainabledevelopment\/fr\/wp-json\/wp\/v2\/media\/5879"}],"wp:attachment":[{"href":"https:\/\/www.un.org\/sustainabledevelopment\/fr\/wp-json\/wp\/v2\/media?parent=5875"}],"wp:term":[{"taxonomy":"category","embeddable":true,"href":"https:\/\/www.un.org\/sustainabledevelopment\/fr\/wp-json\/wp\/v2\/categories?post=5875"},{"taxonomy":"post_tag","embeddable":true,"href":"https:\/\/www.un.org\/sustainabledevelopment\/fr\/wp-json\/wp\/v2\/tags?post=5875"}],"curies":[{"name":"wp","href":"https:\/\/api.w.org\/{rel}","templated":true}]}}