  {"id":6052,"date":"2017-03-20T14:41:12","date_gmt":"2017-03-20T18:41:12","guid":{"rendered":"http:\/\/www.un.org\/sustainabledevelopment\/fr\/?p=6052"},"modified":"2017-11-13T12:32:33","modified_gmt":"2017-11-13T17:32:33","slug":"lonu-reclame-la-parite-au-sein-du-comite-des-droits-des-personnes-handicapees","status":"publish","type":"post","link":"https:\/\/www.un.org\/sustainabledevelopment\/fr\/2017\/03\/20\/lonu-reclame-la-parite-au-sein-du-comite-des-droits-des-personnes-handicapees\/","title":{"rendered":"L&rsquo;ONU r\u00e9clame la parit\u00e9 au sein du Comit\u00e9 des droits des personnes handicap\u00e9es"},"content":{"rendered":"<p>La Haut-Commissaire adjointe des Nations Unies aux droits de l&rsquo;homme, Kate Gilmore, a estim\u00e9 lundi que l&rsquo;\u00e9lection d&rsquo;une seule femme par les Etats membres pour servir au sein du Comit\u00e9 des droits des personnes handicap\u00e9es \u00e9tait \u00ab fondamentalement inappropri\u00e9e \u00bb.<\/p>\n<p>Mme Gilmore s&rsquo;exprimait \u00e0 l&rsquo;ouverture de la 17\u00e8me session de ce comit\u00e9, \u00e0 Gen\u00e8ve. Le <a href=\"https:\/\/www.un.org\/sg\/fr\">Secr\u00e9taire g\u00e9n\u00e9ral<\/a> de l&rsquo;ONU, Ant\u00f3nio Guterres, a fait de la parit\u00e9 et de la repr\u00e9sentation \u00e9gale des femmes un \u00e9l\u00e9ment central de son mandat.<\/p>\n<p>La Haut-Commissaire adjointe a exhort\u00e9 les \u00c9tats membres \u00e0 \u00ab rectifier cette situation inacceptable \u00bb lors des prochaines \u00e9lections au <a href=\"http:\/\/www.ohchr.org\/FR\/HRBodies\/CRPD\/Pages\/CRPDIndex.aspx\">Comit\u00e9 des droits des personnes handicap\u00e9es<\/a>, dont la session actuelle se poursuivra jusqu&rsquo;au 12 avril.<\/p>\n<p>Ce comit\u00e9 est un organe compos\u00e9 d&rsquo;experts ind\u00e9pendants qui surveille l&rsquo;application de la Convention sur les droits des personnes handicap\u00e9es par les \u00c9tats parties. Il se r\u00e9unit deux fois par an \u00e0 Gen\u00e8ve et est compos\u00e9 de 18 experts qui si\u00e8gent \u00e0 titre individuel et non \u00e0 titre de repr\u00e9sentants de gouvernements. Ces experts sont \u00e9lus sur une liste de personnes d\u00e9sign\u00e9es par les \u00c9tats pour un mandat de quatre ans, avec possibilit\u00e9 d&rsquo;\u00eatre r\u00e9\u00e9lus une seule fois.<\/p>\n<p>Selon la Haut-Commissaire adjointe, bien que les \u00c9tats membres soient responsables du manque de repr\u00e9sentation des femmes au sein du comit\u00e9, il y a beaucoup \u00e0 faire au sein de ce comit\u00e9.<\/p>\n<p>\u00ab Nous vous demandons instamment de veiller \u00e0 tenir compte de l&rsquo;\u00e9galit\u00e9 des sexes dans votre ordre du jour cette ann\u00e9e et nous vous exhortons \u00e0 veiller \u00e0 ce que la voix et l&rsquo;exp\u00e9rience des filles et des femmes r\u00e9sonnent lors de vos d\u00e9lib\u00e9rations \u00bb, a-t-elle dit.<\/p>\n<p>Mme Gilmore s&rsquo;est f\u00e9licit\u00e9e que la Convention sur les droits des personnes handicap\u00e9es compte d\u00e9sormais 172 parties et soit \u00ab sur la voie de la ratification universelle \u00bb.<\/p>\n","protected":false},"excerpt":{"rendered":"<p>La Haut-Commissaire adjointe des Nations Unies aux droits de l&rsquo;homme,  [&#8230;]<\/p>\n","protected":false},"author":136,"featured_media":6056,"comment_status":"closed","ping_status":"closed","sticky":false,"template":"","format":"standard","meta":{"_et_pb_use_builder":"","_et_pb_old_content":"","_et_gb_content_width":"","footnotes":""},"categories":[13,46],"tags":[],"class_list":["post-6052","post","type-post","status-publish","format-standard","has-post-thumbnail","hentry","category-inequality","category-objectifs-de-developpement-durable"],"_links":{"self":[{"href":"https:\/\/www.un.org\/sustainabledevelopment\/fr\/wp-json\/wp\/v2\/posts\/6052","targetHints":{"allow":["GET"]}}],"collection":[{"href":"https:\/\/www.un.org\/sustainabledevelopment\/fr\/wp-json\/wp\/v2\/posts"}],"about":[{"href":"https:\/\/www.un.org\/sustainabledevelopment\/fr\/wp-json\/wp\/v2\/types\/post"}],"author":[{"embeddable":true,"href":"https:\/\/www.un.org\/sustainabledevelopment\/fr\/wp-json\/wp\/v2\/users\/136"}],"replies":[{"embeddable":true,"href":"https:\/\/www.un.org\/sustainabledevelopment\/fr\/wp-json\/wp\/v2\/comments?post=6052"}],"version-history":[{"count":0,"href":"https:\/\/www.un.org\/sustainabledevelopment\/fr\/wp-json\/wp\/v2\/posts\/6052\/revisions"}],"wp:featuredmedia":[{"embeddable":true,"href":"https:\/\/www.un.org\/sustainabledevelopment\/fr\/wp-json\/wp\/v2\/media\/6056"}],"wp:attachment":[{"href":"https:\/\/www.un.org\/sustainabledevelopment\/fr\/wp-json\/wp\/v2\/media?parent=6052"}],"wp:term":[{"taxonomy":"category","embeddable":true,"href":"https:\/\/www.un.org\/sustainabledevelopment\/fr\/wp-json\/wp\/v2\/categories?post=6052"},{"taxonomy":"post_tag","embeddable":true,"href":"https:\/\/www.un.org\/sustainabledevelopment\/fr\/wp-json\/wp\/v2\/tags?post=6052"}],"curies":[{"name":"wp","href":"https:\/\/api.w.org\/{rel}","templated":true}]}}