  {"id":6136,"date":"2017-03-27T14:56:49","date_gmt":"2017-03-27T18:56:49","guid":{"rendered":"http:\/\/www.un.org\/sustainabledevelopment\/fr\/?p=6136"},"modified":"2017-11-13T12:32:30","modified_gmt":"2017-11-13T17:32:30","slug":"la-securite-alimentaire-au-proche-orient-et-en-afrique-du-nord-sest-deterioree-ces-cinq-dernieres-annees-selon-la-fao","status":"publish","type":"post","link":"https:\/\/www.un.org\/sustainabledevelopment\/fr\/2017\/03\/27\/la-securite-alimentaire-au-proche-orient-et-en-afrique-du-nord-sest-deterioree-ces-cinq-dernieres-annees-selon-la-fao\/","title":{"rendered":"La s\u00e9curit\u00e9 alimentaire au Proche-Orient et en Afrique du Nord s&rsquo;est d\u00e9t\u00e9rior\u00e9e ces cinq derni\u00e8res ann\u00e9es, selon la FAO"},"content":{"rendered":"<p>La s\u00e9curit\u00e9 alimentaire et nutritionnelle au Proche-Orient et en Afrique du Nord s&rsquo;est nettement d\u00e9t\u00e9rior\u00e9e au cours des cinq derni\u00e8res ann\u00e9es, sapant les progr\u00e8s constants r\u00e9alis\u00e9s avant 2010, lorsque la pr\u00e9valence de la sous-alimentation, des retards de croissance, de l&rsquo;an\u00e9mie et de la pauvret\u00e9 avaient diminu\u00e9, selon un nouveau rapport de l&rsquo;Organisation des Nations Unies pour l&rsquo;alimentation et l&rsquo;agriculture (<a href=\"http:\/\/www.fao.org\/index_fr.htm\">FAO<\/a>).<\/p>\n<p>Cette d\u00e9t\u00e9rioration est en grande partie due \u00e0 la g\u00e9n\u00e9ralisation des conflits, \u00e0 leur intensit\u00e9 et aux crises prolong\u00e9es, selon <a href=\"http:\/\/www.fao.org\/3\/a-i6860f.pdf\">L&rsquo;Aper\u00e7u r\u00e9gional de la FAO sur l&rsquo;ins\u00e9curit\u00e9 alimentaire au Proche-Orient et en Afrique du Nord<\/a><\/p>\n<p>L&rsquo;\u00e9valuation r\u00e9alis\u00e9e par la FAO \u00e0 l&rsquo;aide de <a href=\"http:\/\/www.fao.org\/in-action\/voices-of-the-hungry\/ood-insecurity-experience-scale\/fr\/\">l&rsquo;Echelle de mesure de l&rsquo;ins\u00e9curit\u00e9 alimentaire v\u00e9cue<\/a> a montr\u00e9 que la pr\u00e9valence de l&rsquo;ins\u00e9curit\u00e9 alimentaire s\u00e9v\u00e8re chez les adultes au Proche-Orient et en Afrique du Nord s&rsquo;approchait des 9,5% en 2014 et 2015, repr\u00e9sentant environ 30 millions de personnes.<\/p>\n<p>\u00ab La r\u00e9gion fait face actuellement \u00e0 des d\u00e9fis sans pr\u00e9c\u00e9dent en mati\u00e8re de s\u00e9curit\u00e9 alimentaire, en raison des multiples risques li\u00e9s aux conflits, \u00e0 la p\u00e9nurie d&rsquo;eau et au changement climatique. Les pays de la r\u00e9gion doivent mettre en \u0153uvre une gestion durable et int\u00e9grale des ressources en eau en vue de r\u00e9aliser l&rsquo;Objectif de d\u00e9veloppement durable consistant \u00e0 mettre un terme \u00e0 la faim d&rsquo;ici 2030 \u00bb, a d\u00e9clar\u00e9 le Sous-directeur g\u00e9n\u00e9ral et Repr\u00e9sentant r\u00e9gional au Bureau r\u00e9gional de la FAO pour le Proche-Orient et l&rsquo;Afrique du Nord, Abdessalam Ould Ahmed. \u00ab Un environnement pacifique et stable \u00e9tait une condition pr\u00e9alable indispensable pour que les agriculteurs puissent relever les d\u00e9fis li\u00e9s \u00e0 la p\u00e9nurie d&rsquo;eau et au changement climatique \u00bb.<\/p>\n<p>La crise syrienne, en particulier, s&rsquo;est aggrav\u00e9e pendant la p\u00e9riode allant de 2015 \u00e0 2016, laissant plus de la moiti\u00e9 de la population ayant besoin d&rsquo;une aide alimentaire. On d\u00e9nombre \u00e9galement 4,8 millions de r\u00e9fugi\u00e9s, principalement dans les pays voisins. Le nombre de personnes touch\u00e9es par l&rsquo;ins\u00e9curit\u00e9 alimentaire et de personnes d\u00e9plac\u00e9es \u00e0 l&rsquo;int\u00e9rieur du pays est aussi en hausse en Iraq et au Y\u00e9men.<\/p>\n<div id=\"fullstory\">\n<h5><em>P\u00e9nurie d&rsquo;eau et changement climatique<\/em><\/h5>\n<p>Au-del\u00e0 des conflits et des crises, le rapport consid\u00e8re que la p\u00e9nurie d&rsquo;eau et le changement climatique sont les d\u00e9fis les plus importants \u00e0 relever afin de lutter contre la faim, assurer la s\u00e9curit\u00e9 alimentaire, am\u00e9liorer la nutrition et promouvoir l&rsquo;agriculture durable d&rsquo;ici 2030. La p\u00e9nurie d&rsquo;eau est le d\u00e9fi principal affectant la production agricole dans la r\u00e9gion et contribue fortement \u00e0 rendre la r\u00e9gion d\u00e9pendante des importations alimentaires.<\/p>\n<p>En se basant sur les donn\u00e9es collect\u00e9es dans le cadre de <a href=\"http:\/\/www.fao.org\/3\/a-au845e.pdf\">l&rsquo;Initiative r\u00e9gionale de la FAO sur la rar\u00e9faction des ressources en eau<\/a> dans la r\u00e9gion, le rapport montre que le changement climatique devrait affecter la s\u00e9curit\u00e9 alimentaire en termes de disponibilit\u00e9, d&rsquo;acc\u00e8s, de stabilit\u00e9 et d&rsquo;utilisation. La plupart des impacts du changement climatique affecteront la disponibilit\u00e9 de l&rsquo;eau.<\/p>\n<p>L&rsquo;Aper\u00e7u r\u00e9gional souligne la n\u00e9cessit\u00e9 de d\u00e9velopper et de mettre en \u0153uvre des strat\u00e9gies favorisant une gestion durable des ressources en eau et qui permettront de s&rsquo;adapter aux effets du changement climatique dans le domaine de l&rsquo;eau et de l&rsquo;agriculture. Le document met l&rsquo;accent sur l&rsquo;importance des investissements visant \u00e0 am\u00e9liorer l&rsquo;efficacit\u00e9 et la productivit\u00e9 des ressources en eau, ainsi que sur la n\u00e9cessit\u00e9 de revoir nos syst\u00e8mes de culture, pour s&rsquo;orienter vers des cultures consommant moins d&rsquo;eau.<\/p>\n<p>Le rapport met en lumi\u00e8re d&rsquo;autres options destin\u00e9es \u00e0 s&rsquo;adapter aux impacts du changement climatique dans le domaine de l&rsquo;eau et de l&rsquo;agriculture, y compris la n\u00e9cessit\u00e9 de concevoir et de mettre en \u0153uvre des programmes de protection sociale afin de renforcer la r\u00e9silience des agriculteurs expos\u00e9s \u00e0 des \u00e9v\u00e9nements extr\u00eames, en travaillant \u00e0 r\u00e9duire les pertes alimentaires et \u00e0 am\u00e9liorer les politiques commerciales.<\/p>\n<p>Le rapport appelle au renforcement de la collaboration r\u00e9gionale, afin de faire face aux d\u00e9fis de la p\u00e9nurie d&rsquo;eau et du changement climatique, et ce, en s&rsquo;appuyant sur la forte volont\u00e9 politique exprim\u00e9e par les dirigeants de la r\u00e9gion et sur les exp\u00e9riences positives de nombreux pays.<\/p>\n<p>Selon M. Ould Ahmed, \u00ab la gestion durable de l&rsquo;eau dans l&rsquo;agriculture devrait inclure des strat\u00e9gies et des politiques visant \u00e0 am\u00e9liorer l&rsquo;efficacit\u00e9 de l&rsquo;irrigation, \u00e9tablir une gestion durable des eaux souterraines, promouvoir des mesures incitatives pour les agriculteurs afin de les encourager \u00e0 passer \u00e0 des cultures avec des rendements \u00e9conomiques plus \u00e9lev\u00e9s par goutte, r\u00e9duire les pertes et le gaspillage alimentaire, promouvoir la consommation durable des c\u00e9r\u00e9ales et renforcer la r\u00e9silience de la population vuln\u00e9rable et des agriculteurs aux prix alimentaires et les chocs climatiques \u00bb.<\/p>\n<\/div>\n<p>&nbsp;<\/p>\n","protected":false},"excerpt":{"rendered":"<p>La s\u00e9curit\u00e9 alimentaire et nutritionnelle au Proche-Orient et en Afrique  [&#8230;]<\/p>\n","protected":false},"author":136,"featured_media":6140,"comment_status":"closed","ping_status":"closed","sticky":false,"template":"","format":"standard","meta":{"_et_pb_use_builder":"","_et_pb_old_content":"","_et_gb_content_width":"","footnotes":""},"categories":[19],"tags":[],"class_list":["post-6136","post","type-post","status-publish","format-standard","has-post-thumbnail","hentry","category-peace-and-justice"],"_links":{"self":[{"href":"https:\/\/www.un.org\/sustainabledevelopment\/fr\/wp-json\/wp\/v2\/posts\/6136","targetHints":{"allow":["GET"]}}],"collection":[{"href":"https:\/\/www.un.org\/sustainabledevelopment\/fr\/wp-json\/wp\/v2\/posts"}],"about":[{"href":"https:\/\/www.un.org\/sustainabledevelopment\/fr\/wp-json\/wp\/v2\/types\/post"}],"author":[{"embeddable":true,"href":"https:\/\/www.un.org\/sustainabledevelopment\/fr\/wp-json\/wp\/v2\/users\/136"}],"replies":[{"embeddable":true,"href":"https:\/\/www.un.org\/sustainabledevelopment\/fr\/wp-json\/wp\/v2\/comments?post=6136"}],"version-history":[{"count":0,"href":"https:\/\/www.un.org\/sustainabledevelopment\/fr\/wp-json\/wp\/v2\/posts\/6136\/revisions"}],"wp:featuredmedia":[{"embeddable":true,"href":"https:\/\/www.un.org\/sustainabledevelopment\/fr\/wp-json\/wp\/v2\/media\/6140"}],"wp:attachment":[{"href":"https:\/\/www.un.org\/sustainabledevelopment\/fr\/wp-json\/wp\/v2\/media?parent=6136"}],"wp:term":[{"taxonomy":"category","embeddable":true,"href":"https:\/\/www.un.org\/sustainabledevelopment\/fr\/wp-json\/wp\/v2\/categories?post=6136"},{"taxonomy":"post_tag","embeddable":true,"href":"https:\/\/www.un.org\/sustainabledevelopment\/fr\/wp-json\/wp\/v2\/tags?post=6136"}],"curies":[{"name":"wp","href":"https:\/\/api.w.org\/{rel}","templated":true}]}}