  {"id":6180,"date":"2017-03-28T11:12:35","date_gmt":"2017-03-28T15:12:35","guid":{"rendered":"http:\/\/www.un.org\/sustainabledevelopment\/fr\/?p=6180"},"modified":"2017-04-05T11:14:24","modified_gmt":"2017-04-05T15:14:24","slug":"lunicef-reclame-255-millions-de-dollars-pour-apporter-de-laide-au-nigeria-en-somalie-au-soudan-du-sud-et-au-yemen","status":"publish","type":"post","link":"https:\/\/www.un.org\/sustainabledevelopment\/fr\/2017\/03\/28\/lunicef-reclame-255-millions-de-dollars-pour-apporter-de-laide-au-nigeria-en-somalie-au-soudan-du-sud-et-au-yemen\/","title":{"rendered":"L&rsquo;Ä¢¹½ÊÓÆµICEF r\u00e9clame 255 millions de dollars pour apporter de l&rsquo;aide au Nig\u00e9ria, en Somalie, au Soudan du Sud et au Y\u00e9men"},"content":{"rendered":"<p>Le Fonds des Nations Unies pour l&rsquo;enfance (<a href=\"http:\/\/www.unicef.org\/french\/index.php\">Ä¢¹½ÊÓÆµICEF<\/a>) a d\u00e9clar\u00e9 mardi avoir besoin de pr\u00e8s de 255 millions de dollars pour r\u00e9pondre aux besoins imm\u00e9diats des enfants dans le nord-est du Nig\u00e9ria, en Somalie, au Soudan du Sud et au Y\u00e9men.<\/p>\n<p>Selon l&rsquo;agence onusienne, plus d&rsquo;un mois apr\u00e8s que la famine a \u00e9t\u00e9 d\u00e9clar\u00e9e au Soudan du Sud, le temps presse pour plus d&rsquo;un million d&rsquo;enfants confront\u00e9s \u00e0 la s\u00e9cheresse et aux affrontements arm\u00e9s dans ces quatre pays.<\/p>\n<p>\u00ab Les enfants ne peuvent pas attendre qu&rsquo;une autre famine soit d\u00e9clar\u00e9e avant que des mesures soient prises \u00bb, a d\u00e9clar\u00e9 le Directeur des programmes d&rsquo;urgence de l&rsquo;Ä¢¹½ÊÓÆµICEF, Manuel Fontaine, dans un communiqu\u00e9 de presse. \u00ab Nous avons appris, depuis l&rsquo;exemple de Somalie en 2011, qu&rsquo;au moment o\u00f9 la famine est annonc\u00e9e, un nombre incalculable d&rsquo;enfants sont d\u00e9j\u00e0 morts. Cela ne peut plus se reproduire \u00bb.<\/p>\n<p>Environ 22 millions d&rsquo;enfants sont affam\u00e9s, malades, d\u00e9plac\u00e9s et non-scolaris\u00e9s dans les quatre pays, a indiqu\u00e9 l&rsquo;Ä¢¹½ÊÓÆµICEF. Pr\u00e8s de 1,4 million risquent de mourir cette ann\u00e9e \u00e0 cause de malnutrition s\u00e9v\u00e8re.<\/p>\n<p>L&rsquo;Ä¢¹½ÊÓÆµICEF a besoin de pr\u00e8s de 255 millions de dollars pour fournir \u00e0 ces enfants des services en mati\u00e8re d&rsquo;alimentation, d&rsquo;eau, de sant\u00e9, d&rsquo;\u00e9ducation et de protection pendant les prochains mois, selon une nouvelle mise \u00e0 jour du financement.<\/p>\n<p>La plupart des fonds, soit plus de 81 millions de dollars, serviront \u00e0 financer des programmes de nutrition visant \u00e0 d\u00e9pister les enfants souffrant de malnutrition et \u00e0 leur fournir des aliments th\u00e9rapeutiques. 53 millions de dollars suppl\u00e9mentaires seront allou\u00e9s aux services de sant\u00e9, y compris les vaccinations, tandis que plus de 47 millions de dollars seront octroy\u00e9s aux programmes d&rsquo;eau, d&rsquo;assainissement et d&rsquo;hygi\u00e8ne pour pr\u00e9venir les maladies diarrh\u00e9iques potentiellement mortelles. Les fonds restants aideront \u00e0 prot\u00e9ger les enfants touch\u00e9s par les conflits et les d\u00e9placements et leur fourniront des services \u00e9ducatifs. Une aide en esp\u00e8ces sera \u00e9galement propos\u00e9e aux familles les plus vuln\u00e9rables.<\/p>\n<div id=\"fullstory\">\n<p>Les ressources n\u00e9cessaires au cours des prochains mois font partie d&rsquo;un appel plus large pour 2017, totalisant 712 millions de dollars, soit une augmentation de 50% par rapport aux besoins de financement dans les quatre pays \u00e0 la m\u00eame \u00e9poque l&rsquo;an dernier.<\/p>\n<p>Le conflit arm\u00e9 est un des principaux facteurs de cette crise, a d\u00e9clar\u00e9 l&rsquo;Ä¢¹½ÊÓÆµICEF, appelant \u00e0 un acc\u00e8s inconditionnel, sans entraves et durable aux enfants dans le besoin et \u00e0 la fin des violations des droits des enfants dans les pays touch\u00e9s.<\/p>\n<p>\u00ab Alors que la violence, la famine et la soif obligent les gens \u00e0 se d\u00e9placer, les taux de malnutrition continueront d&rsquo;augmenter non seulement dans ces quatre pays, mais aussi dans le bassin du lac Tchad et la Corne de l&rsquo;Afrique \u00bb, a indiqu\u00e9 M. Fontaine. \u00ab Si les agences humanitaires n&rsquo;obtiennent pas l&rsquo;acc\u00e8s et les ressources dont elles ont besoin pour atteindre les plus vuln\u00e9rables, des vies seront perdues \u00bb.<\/p>\n<\/div>\n<p>&nbsp;<\/p>\n","protected":false},"excerpt":{"rendered":"<p>Le Fonds des Nations Unies pour l&rsquo;enfance (Ä¢¹½ÊÓÆµICEF) a d\u00e9clar\u00e9  [&#8230;]<\/p>\n","protected":false},"author":136,"featured_media":6195,"comment_status":"closed","ping_status":"closed","sticky":false,"template":"","format":"standard","meta":{"_et_pb_use_builder":"","_et_pb_old_content":"","_et_gb_content_width":"","footnotes":""},"categories":[16,20],"tags":[],"class_list":["post-6180","post","type-post","status-publish","format-standard","has-post-thumbnail","hentry","category-news","category-poverty"],"_links":{"self":[{"href":"https:\/\/www.un.org\/sustainabledevelopment\/fr\/wp-json\/wp\/v2\/posts\/6180","targetHints":{"allow":["GET"]}}],"collection":[{"href":"https:\/\/www.un.org\/sustainabledevelopment\/fr\/wp-json\/wp\/v2\/posts"}],"about":[{"href":"https:\/\/www.un.org\/sustainabledevelopment\/fr\/wp-json\/wp\/v2\/types\/post"}],"author":[{"embeddable":true,"href":"https:\/\/www.un.org\/sustainabledevelopment\/fr\/wp-json\/wp\/v2\/users\/136"}],"replies":[{"embeddable":true,"href":"https:\/\/www.un.org\/sustainabledevelopment\/fr\/wp-json\/wp\/v2\/comments?post=6180"}],"version-history":[{"count":0,"href":"https:\/\/www.un.org\/sustainabledevelopment\/fr\/wp-json\/wp\/v2\/posts\/6180\/revisions"}],"wp:featuredmedia":[{"embeddable":true,"href":"https:\/\/www.un.org\/sustainabledevelopment\/fr\/wp-json\/wp\/v2\/media\/6195"}],"wp:attachment":[{"href":"https:\/\/www.un.org\/sustainabledevelopment\/fr\/wp-json\/wp\/v2\/media?parent=6180"}],"wp:term":[{"taxonomy":"category","embeddable":true,"href":"https:\/\/www.un.org\/sustainabledevelopment\/fr\/wp-json\/wp\/v2\/categories?post=6180"},{"taxonomy":"post_tag","embeddable":true,"href":"https:\/\/www.un.org\/sustainabledevelopment\/fr\/wp-json\/wp\/v2\/tags?post=6180"}],"curies":[{"name":"wp","href":"https:\/\/api.w.org\/{rel}","templated":true}]}}