  {"id":6323,"date":"2017-04-10T17:08:54","date_gmt":"2017-04-10T21:08:54","guid":{"rendered":"http:\/\/www.un.org\/sustainabledevelopment\/fr\/?p=6323"},"modified":"2017-11-13T12:32:27","modified_gmt":"2017-11-13T17:32:27","slug":"iraq-lonu-renforce-son-assistance-medicale-aux-femmes-et-aux-filles-touchees-par-le-conflit","status":"publish","type":"post","link":"https:\/\/www.un.org\/sustainabledevelopment\/fr\/2017\/04\/10\/iraq-lonu-renforce-son-assistance-medicale-aux-femmes-et-aux-filles-touchees-par-le-conflit\/","title":{"rendered":"Iraq : l&rsquo;ONU renforce son assistance m\u00e9dicale aux femmes et aux filles touch\u00e9es par le conflit"},"content":{"rendered":"<p>10 avril 2017 \u2013 Avec le soutien financier de l&rsquo;Union europ\u00e9enne (UE), le Fonds des Nations Unies pour la population (Ä¢¹½ÊÓÆµFPA) renforce son action humanitaire en Iraq pour r\u00e9pondre aux besoins urgents des femmes et des filles au moment o\u00f9 les combats se sont intensifi\u00e9s dans ce pays d\u00e9chir\u00e9 par la guerre.<\/p>\n<p>Gr\u00e2ce \u00e0 une contribution de cinq millions d&rsquo;euros de la branche humanitaire de la Commission europ\u00e9enne (ECHO), l&rsquo;Ä¢¹½ÊÓÆµFPA fournira des services de sant\u00e9 reproductive \u00e0 plus de 700.000 femmes et filles touch\u00e9es par le conflit en Iraq, a d\u00e9clar\u00e9 le Repr\u00e9sentant de l&rsquo;Ä¢¹½ÊÓÆµFPA en Iraq, Ramanathan Balakrishnam, dans un communiqu\u00e9 de presse.<\/p>\n<p>\u00ab En outre, plus de 120.000 femmes et jeunes filles r\u00e9cemment d\u00e9plac\u00e9es de Mossoul recevront des kits de secours \u00bb, dans le cadre d&rsquo;un consortium incluant \u00e9galement le Fonds des Nations Unies pour l&rsquo;enfance(Ä¢¹½ÊÓÆµICEF) et le Programme alimentaire mondial (PAM), a-t-il ajout\u00e9.<\/p>\n<p>Selon l&rsquo;agence onusienne, le soutien financier de l&rsquo;Union europ\u00e9enne contribuera \u00e0 l&rsquo;\u00e9tablissement et au fonctionnement de trois maternit\u00e9s de terrain qui offriront des services pour l&rsquo;accouchement et les soins obst\u00e9triques aux femmes de l&rsquo;ouest de Mossoul affect\u00e9es par les affrontements.<\/p>\n<p>\u00ab Ramener les services de sant\u00e9 essentiels dans les zones touch\u00e9es par les conflits \u00e0 Mossoul est une priorit\u00e9 pour l&rsquo;UE \u00bb, a d\u00e9clar\u00e9 le chef de bureau d&rsquo;ECHO en Iraq, Javier Rio-Navarro.<\/p>\n<p>La contribution de l&rsquo;UE soutient \u00e9galement l&rsquo;approvisionnement et le fonctionnement de deux unit\u00e9s de distribution mobile et de deux cliniques de sant\u00e9 reproductive mobiles dans les districts et les quartiers de l&rsquo;est et l&rsquo;ouest de Mossoul repris par les forces iraquiennes \u00e0 l&rsquo;Etat islamique d&rsquo;Iraq et du Levant (EIIL\/Daech), ainsi que des services similaires dans les gouvernorats d&rsquo;Anbar, Kirkouk et Salah al-Din.<\/p>\n<p>\u00ab Les femmes et les filles enceintes d\u00e9plac\u00e9es qui ont surv\u00e9cu aux \u00e9preuves du conflit recevront les services m\u00e9dicaux d&rsquo;urgence dont elles ont besoin \u00bb, a ajout\u00e9 M. Rio-Navarro.<\/p>\n<p>L&rsquo;Ä¢¹½ÊÓÆµFPA rappelle qu&rsquo;elle encourage un monde o\u00f9 chaque grossesse est d\u00e9sir\u00e9e, chaque naissance se d\u00e9roule de mani\u00e8re s\u00fbre et le potentiel de chaque jeune femme est atteint.<\/p>\n","protected":false},"excerpt":{"rendered":"<p>10 avril 2017 \u2013 Avec le soutien financier de l&rsquo;Union  [&#8230;]<\/p>\n","protected":false},"author":136,"featured_media":6367,"comment_status":"closed","ping_status":"closed","sticky":false,"template":"","format":"standard","meta":{"_et_pb_use_builder":"","_et_pb_old_content":"","_et_gb_content_width":"","footnotes":""},"categories":[16,19],"tags":[],"class_list":["post-6323","post","type-post","status-publish","format-standard","has-post-thumbnail","hentry","category-news","category-peace-and-justice"],"_links":{"self":[{"href":"https:\/\/www.un.org\/sustainabledevelopment\/fr\/wp-json\/wp\/v2\/posts\/6323","targetHints":{"allow":["GET"]}}],"collection":[{"href":"https:\/\/www.un.org\/sustainabledevelopment\/fr\/wp-json\/wp\/v2\/posts"}],"about":[{"href":"https:\/\/www.un.org\/sustainabledevelopment\/fr\/wp-json\/wp\/v2\/types\/post"}],"author":[{"embeddable":true,"href":"https:\/\/www.un.org\/sustainabledevelopment\/fr\/wp-json\/wp\/v2\/users\/136"}],"replies":[{"embeddable":true,"href":"https:\/\/www.un.org\/sustainabledevelopment\/fr\/wp-json\/wp\/v2\/comments?post=6323"}],"version-history":[{"count":0,"href":"https:\/\/www.un.org\/sustainabledevelopment\/fr\/wp-json\/wp\/v2\/posts\/6323\/revisions"}],"wp:featuredmedia":[{"embeddable":true,"href":"https:\/\/www.un.org\/sustainabledevelopment\/fr\/wp-json\/wp\/v2\/media\/6367"}],"wp:attachment":[{"href":"https:\/\/www.un.org\/sustainabledevelopment\/fr\/wp-json\/wp\/v2\/media?parent=6323"}],"wp:term":[{"taxonomy":"category","embeddable":true,"href":"https:\/\/www.un.org\/sustainabledevelopment\/fr\/wp-json\/wp\/v2\/categories?post=6323"},{"taxonomy":"post_tag","embeddable":true,"href":"https:\/\/www.un.org\/sustainabledevelopment\/fr\/wp-json\/wp\/v2\/tags?post=6323"}],"curies":[{"name":"wp","href":"https:\/\/api.w.org\/{rel}","templated":true}]}}