  {"id":6331,"date":"2017-04-11T17:08:58","date_gmt":"2017-04-11T21:08:58","guid":{"rendered":"http:\/\/www.un.org\/sustainabledevelopment\/fr\/?p=6331"},"modified":"2017-11-13T12:32:26","modified_gmt":"2017-11-13T17:32:26","slug":"lonu-et-la-ville-de-new-york-annoncent-un-festival-mondial-des-oceans-en-juin","status":"publish","type":"post","link":"https:\/\/www.un.org\/sustainabledevelopment\/fr\/2017\/04\/11\/lonu-et-la-ville-de-new-york-annoncent-un-festival-mondial-des-oceans-en-juin\/","title":{"rendered":"L&rsquo;ONU et la ville de New York annoncent un Festival mondial des oc\u00e9ans en juin"},"content":{"rendered":"<p>11 avril 2017 \u2013 L&rsquo;ONU et la ville de New York vont accueillir conjointement un Festival mondial des oc\u00e9ans le jour pr\u00e9c\u00e9dant le coup d&rsquo;envoi de la premi\u00e8re Conf\u00e9rence des Nations Unies sur les oc\u00e9ans, qui aura lieu du 5 au 9 juin 2017 dans la m\u00e9tropole am\u00e9ricaine.<\/p>\n<p>Cette annonce a \u00e9t\u00e9 faite ce mardi lors d&rsquo;une conf\u00e9rence de presse du Pr\u00e9sident de l&rsquo;Assembl\u00e9e g\u00e9n\u00e9rale des Nations Unies, Peter Thomson, et de la Commissaire aux affaires internationales de la ville de New York, Penny Abeywardena.<\/p>\n<p>Selon Mme Abeywardena, qui s&rsquo;exprimait au nom du maire Bill De Blasio, le festival, organis\u00e9 le 4 juin 2017 par la Global Brain Foundation, \u00ab mobilisera les gens \u00e0 travers le monde \u00bb pour soutenir les esp\u00e8ces marines et les moyens de subsistance menac\u00e9s.<\/p>\n<p>Avec des centaines de kilom\u00e8tre de littoral, la ville de New York est consciente \u00ab de la n\u00e9cessit\u00e9 pour les villes de prot\u00e9ger la plan\u00e8te contre les d\u00e9gradations, par une consommation durable et une gestion efficace des ressources naturelles et en att\u00e9nuant les effets n\u00e9fastes des changements climatiques \u00bb, a-t-elle ajout\u00e9.<\/p>\n<p>La Conf\u00e9rence sur les oc\u00e9ans r\u00e9unira des acteurs du monde entier pour appuyer l&rsquo;objectif 14 de d\u00e9veloppement durable sur la pr\u00e9servation et l&rsquo;utilisation durable des oc\u00e9ans dans le monde.<\/p>\n<p>Le Pr\u00e9sident de l&rsquo;Assembl\u00e9e g\u00e9n\u00e9rale, Peter Thomson, a d\u00e9clar\u00e9 que l&rsquo;objectif de cette conf\u00e9rence serait de trouver \u00ab des solutions humaines \u00bb \u00e0 la d\u00e9gradation de la vie marine et de son environnement.<\/p>\n<p>Il a rappel\u00e9 que les oc\u00e9ans \u00e9taient \u00ab en difficult\u00e9 \u00bb, citant la pollution marine et le fl\u00e9au des plastiques dans la mer ; la poursuite des subventions \u00e0 la p\u00eache malgr\u00e9 l&rsquo;effondrement des stocks de poissons ; et les \u00e9cosyst\u00e8mes c\u00f4tiers d\u00e9grad\u00e9s \u00e0 travers le monde.<\/p>\n<p>\u00ab Je pourrais continuer sur les malheurs des oc\u00e9ans, mais tous les probl\u00e8mes humains ont des solutions humaines et c&rsquo;est sur quoi porte la Conf\u00e9rence sur les oc\u00e9ans : fournir des solutions, s&rsquo;efforcer de trouver ces solutions. C&rsquo;est ce que nous ferons pendant cinq jours et, comme vous le savez, il y a un appel \u00e0 l&rsquo;action en cours de n\u00e9gociation entre les \u00c9tats membres qui progresse \u00bb, a-t-il dit.<\/p>\n<p>M. Thomson a \u00e9galement encourag\u00e9 tous ceux qui se pr\u00e9occupent du sort des oc\u00e9ans \u00e0 enregistrer leurs engagements volontaires sur le site web de la conf\u00e9rence, d&rsquo;ici le 4 juin.<\/p>\n","protected":false},"excerpt":{"rendered":"<p>11 avril 2017 \u2013 L&rsquo;ONU et la ville de New  [&#8230;]<\/p>\n","protected":false},"author":136,"featured_media":6375,"comment_status":"closed","ping_status":"closed","sticky":false,"template":"","format":"standard","meta":{"_et_pb_use_builder":"","_et_pb_old_content":"","_et_gb_content_width":"","footnotes":""},"categories":[16,5],"tags":[],"class_list":["post-6331","post","type-post","status-publish","format-standard","has-post-thumbnail","hentry","category-news","category-climate-change"],"_links":{"self":[{"href":"https:\/\/www.un.org\/sustainabledevelopment\/fr\/wp-json\/wp\/v2\/posts\/6331","targetHints":{"allow":["GET"]}}],"collection":[{"href":"https:\/\/www.un.org\/sustainabledevelopment\/fr\/wp-json\/wp\/v2\/posts"}],"about":[{"href":"https:\/\/www.un.org\/sustainabledevelopment\/fr\/wp-json\/wp\/v2\/types\/post"}],"author":[{"embeddable":true,"href":"https:\/\/www.un.org\/sustainabledevelopment\/fr\/wp-json\/wp\/v2\/users\/136"}],"replies":[{"embeddable":true,"href":"https:\/\/www.un.org\/sustainabledevelopment\/fr\/wp-json\/wp\/v2\/comments?post=6331"}],"version-history":[{"count":0,"href":"https:\/\/www.un.org\/sustainabledevelopment\/fr\/wp-json\/wp\/v2\/posts\/6331\/revisions"}],"wp:featuredmedia":[{"embeddable":true,"href":"https:\/\/www.un.org\/sustainabledevelopment\/fr\/wp-json\/wp\/v2\/media\/6375"}],"wp:attachment":[{"href":"https:\/\/www.un.org\/sustainabledevelopment\/fr\/wp-json\/wp\/v2\/media?parent=6331"}],"wp:term":[{"taxonomy":"category","embeddable":true,"href":"https:\/\/www.un.org\/sustainabledevelopment\/fr\/wp-json\/wp\/v2\/categories?post=6331"},{"taxonomy":"post_tag","embeddable":true,"href":"https:\/\/www.un.org\/sustainabledevelopment\/fr\/wp-json\/wp\/v2\/tags?post=6331"}],"curies":[{"name":"wp","href":"https:\/\/api.w.org\/{rel}","templated":true}]}}