  {"id":6649,"date":"2017-05-16T14:14:12","date_gmt":"2017-05-16T18:14:12","guid":{"rendered":"http:\/\/www.un.org\/sustainabledevelopment\/fr\/?p=6649"},"modified":"2017-11-13T12:32:07","modified_gmt":"2017-11-13T17:32:07","slug":"la-croissance-mondiale-se-renforce-mais-de-nombreux-pays-sont-a-la-traine-selon-lonu","status":"publish","type":"post","link":"https:\/\/www.un.org\/sustainabledevelopment\/fr\/2017\/05\/16\/la-croissance-mondiale-se-renforce-mais-de-nombreux-pays-sont-a-la-traine-selon-lonu\/","title":{"rendered":"La croissance mondiale se renforce mais de nombreux pays sont \u00e0 la tra\u00eene, selon l&rsquo;ONU"},"content":{"rendered":"<p>16 mai 2017 \u2013 La croissance de l&rsquo;\u00e9conomie mondiale a repris au cours des six derniers mois conform\u00e9ment aux attentes, mais dans de nombreuses r\u00e9gions, elle reste inf\u00e9rieure aux niveaux n\u00e9cessaires \u00e0 des progr\u00e8s rapides vers la r\u00e9alisation des Objectifs de d\u00e9veloppement durable (ODD), selon un rapport de l&rsquo;ONU publi\u00e9 mardi.<\/p>\n<p>Intitul\u00e9 &lsquo;Situation et perspectives de l&rsquo;\u00e9conomie mondiale \u00e0 la mi-2017&rsquo;, le rapport identifie une reprise provisoire dans la production industrielle mondiale, ainsi que la relance du commerce mondial, principalement en raison d&rsquo;une hausse des demandes d&rsquo;importations en provenance d&rsquo;Asie de l&rsquo;Est<\/p>\n<p>Le produit brut mondial devrait augmenter de 2,7% en 2017 et de 2,9% en 2018 \u2013 des pr\u00e9visions inchang\u00e9es par rapport \u00e0 celles annonc\u00e9es par les Nations Unies en janvier mais qui marque une acc\u00e9l\u00e9ration notable par rapport au 2,3% de 2016.<\/p>\n<p>S&rsquo;exprimant sur le rapport, le Sous-Secr\u00e9taire g\u00e9n\u00e9ral pour le d\u00e9veloppement \u00e9conomique au sein du D\u00e9partement des affaires \u00e9conomiques et sociales de l&rsquo;ONU (DESA), Lenni Montiel, a soulign\u00e9 la \u00ab n\u00e9cessit\u00e9 de redynamiser les engagements mondiaux en mati\u00e8re de coordination politique internationale pour r\u00e9aliser un renouveau \u00e9quilibr\u00e9 et durable de la croissance \u00e9conomique, en veillant \u00e0 ce qu&rsquo;aucune r\u00e9gion ne soit laiss\u00e9e pour compte \u00bb.<\/p>\n<p>Selon le rapport, l&rsquo;appui \u00e0 la reprise \u00e9conomique mondiale signifie une croissance plus forte dans de nombreuses \u00e9conomies d\u00e9velopp\u00e9es et dans les \u00e9conomies en transition, l&rsquo;Asie de l&rsquo;Est et l&rsquo;Asie du Sud restant les r\u00e9gions les plus dynamiques au monde. Cependant, la reprise \u00e9conomique en Am\u00e9rique du Sud \u00e9merge plus lentement que pr\u00e9vu et le produit int\u00e9rieur brut (PIB) par habitant diminue ou stagne dans plusieurs r\u00e9gions d&rsquo;Afrique.<\/p>\n<p>Les pr\u00e9visions pour la croissance du PIB dans certains des pays les moins avanc\u00e9s (PMA) ont \u00e9t\u00e9 revues \u00e0 la baisse. Depuis janvier, la croissance du groupe dans son ensemble devrait rester bien en de\u00e7\u00e0 de la cible d&rsquo;au moins 7% des ODD. Le rapport note que, selon la trajectoire actuelle de croissance et en supposant qu&rsquo;il n&rsquo;y ait pas de baisse de l&rsquo;in\u00e9galit\u00e9 des revenus, pr\u00e8s de 35% de la population des PMA pourraient rester dans l&rsquo;extr\u00eame pauvret\u00e9 d&rsquo;ici 2030. Des efforts politiques suppl\u00e9mentaires sont n\u00e9cessaires pour favoriser un environnement qui acc\u00e9l\u00e9rera la croissance \u00e0 moyen terme et luttera contre la pauvret\u00e9 gr\u00e2ce \u00e0 des politiques qui traitent des in\u00e9galit\u00e9s de revenus et d&rsquo;opportunit\u00e9s.<\/p>\n<p>Le rapport souligne une combinaison de politiques \u00e0 court terme pour soutenir la consommation parmi les plus d\u00e9munis ainsi que des politiques \u00e0 plus long terme, telles que l&rsquo;am\u00e9lioration de l&rsquo;acc\u00e8s aux soins de sant\u00e9 et \u00e0 l&rsquo;\u00e9ducation et l&rsquo;investissement dans les infrastructures en zones rurales.<\/p>\n<p>Le rapport indique que la dynamique de l&rsquo;inflation dans les \u00e9conomies d\u00e9velopp\u00e9es a atteint un tournant et que les risques de d\u00e9flation prolong\u00e9e se sont largement dissip\u00e9s. En revanche, les pressions inflationnistes ont diminu\u00e9 dans beaucoup de march\u00e9s \u00e9mergents importants, permettant de baisser les taux d&rsquo;int\u00e9r\u00eat.<\/p>\n","protected":false},"excerpt":{"rendered":"<p>16 mai 2017 \u2013 La croissance de l&rsquo;\u00e9conomie mondiale a  [&#8230;]<\/p>\n","protected":false},"author":136,"featured_media":6661,"comment_status":"closed","ping_status":"closed","sticky":false,"template":"","format":"standard","meta":{"_et_pb_use_builder":"","_et_pb_old_content":"","_et_gb_content_width":"","footnotes":""},"categories":[16,6],"tags":[],"class_list":["post-6649","post","type-post","status-publish","format-standard","has-post-thumbnail","hentry","category-news","category-economic-growth"],"_links":{"self":[{"href":"https:\/\/www.un.org\/sustainabledevelopment\/fr\/wp-json\/wp\/v2\/posts\/6649","targetHints":{"allow":["GET"]}}],"collection":[{"href":"https:\/\/www.un.org\/sustainabledevelopment\/fr\/wp-json\/wp\/v2\/posts"}],"about":[{"href":"https:\/\/www.un.org\/sustainabledevelopment\/fr\/wp-json\/wp\/v2\/types\/post"}],"author":[{"embeddable":true,"href":"https:\/\/www.un.org\/sustainabledevelopment\/fr\/wp-json\/wp\/v2\/users\/136"}],"replies":[{"embeddable":true,"href":"https:\/\/www.un.org\/sustainabledevelopment\/fr\/wp-json\/wp\/v2\/comments?post=6649"}],"version-history":[{"count":0,"href":"https:\/\/www.un.org\/sustainabledevelopment\/fr\/wp-json\/wp\/v2\/posts\/6649\/revisions"}],"wp:featuredmedia":[{"embeddable":true,"href":"https:\/\/www.un.org\/sustainabledevelopment\/fr\/wp-json\/wp\/v2\/media\/6661"}],"wp:attachment":[{"href":"https:\/\/www.un.org\/sustainabledevelopment\/fr\/wp-json\/wp\/v2\/media?parent=6649"}],"wp:term":[{"taxonomy":"category","embeddable":true,"href":"https:\/\/www.un.org\/sustainabledevelopment\/fr\/wp-json\/wp\/v2\/categories?post=6649"},{"taxonomy":"post_tag","embeddable":true,"href":"https:\/\/www.un.org\/sustainabledevelopment\/fr\/wp-json\/wp\/v2\/tags?post=6649"}],"curies":[{"name":"wp","href":"https:\/\/api.w.org\/{rel}","templated":true}]}}