  {"id":8063,"date":"2017-11-12T16:19:52","date_gmt":"2017-11-12T21:19:52","guid":{"rendered":"http:\/\/www.un.org\/sustainabledevelopment\/fr\/?p=8063"},"modified":"2018-06-13T09:52:58","modified_gmt":"2018-06-13T13:52:58","slug":"conference-de-lonu-va-reconnaitre-role-femmes-laction-climatique","status":"publish","type":"post","link":"https:\/\/www.un.org\/sustainabledevelopment\/fr\/2017\/11\/12\/conference-de-lonu-va-reconnaitre-role-femmes-laction-climatique\/","title":{"rendered":"La Conf\u00e9rence de l&rsquo;ONU va reconna\u00eetre le r\u00f4le des femmes dans l&rsquo;action climatique"},"content":{"rendered":"<div class=\"fusion-fullwidth fullwidth-box fusion-builder-row-1 nonhundred-percent-fullwidth non-hundred-percent-height-scrolling\" style=\"--awb-border-radius-top-left:0px;--awb-border-radius-top-right:0px;--awb-border-radius-bottom-right:0px;--awb-border-radius-bottom-left:0px;--awb-flex-wrap:wrap;\" ><div class=\"fusion-builder-row fusion-row\"><div class=\"fusion-layout-column fusion_builder_column fusion-builder-column-0 fusion_builder_column_1_1 1_1 fusion-one-full fusion-column-first fusion-column-last\" style=\"--awb-bg-size:cover;\"><div class=\"fusion-column-wrapper fusion-flex-column-wrapper-legacy\"><div class=\"fusion-text fusion-text-1\"><p>12 novembre 2017 \u2013 Alors que la Conf\u00e9rence des Nations Unies sur le climat (COP 23), \u00e0 Bonn, en Allemagne, entame sa derni\u00e8re semaine de n\u00e9gociations, la Pr\u00e9sidence fidjienne a annonc\u00e9 dimanche la finalisation d&rsquo;un plan d&rsquo;action sur le genre, qui reconna\u00eet le r\u00f4le des femmes dans l&rsquo;action climatique.<\/p>\n<p>Lors d&rsquo;une conf\u00e9rence de presse, le Pr\u00e9sident de la COP 23 et Premier ministre de Fidji, Frank Bainimarama, a d\u00e9clar\u00e9 que les Parties avaient finalis\u00e9 ce plan, qui doit encore \u00eatre formellement adopt\u00e9. \u00ab Il reconna\u00eet le r\u00f4le des femmes dans l&rsquo;action climatique \u00bb, a-t-il soulign\u00e9.<\/p>\n<p>\u00ab Il s&rsquo;agit de l&rsquo;int\u00e9gration du genre dans tout le travail concernant la politique climatique \u00e0 l&rsquo;\u00e9chelle nationale et internationale \u00bb, a rench\u00e9ri la N\u00e9gociatrice en chef de la Pr\u00e9sidence de la COP 23, Nazhat Shameen Khan.<\/p>\n<p>Chefs d&rsquo;\u00c9tat et de gouvernement, ministres et le\u00a0<a href=\"https:\/\/www.un.org\/sg\/fr\">Secr\u00e9taire g\u00e9n\u00e9ral<\/a>\u00a0de l&rsquo;ONU, Ant\u00f3nio Guterres, sont attendus \u00e0 la conf\u00e9rence de Bonn pour le segment de haut niveau, les 15 novembre et 16 novembre.<\/p>\n<h5><em>Pays et entreprises annoncent de nouvelles initiatives pour les for\u00eats<\/em><\/h5>\n<p>En attendant leur venue, pays et entreprises ont annonc\u00e9 dimanche de nouvelles initiatives pour r\u00e9duire les \u00e9missions provenant de l&rsquo;utilisation des for\u00eats et \u00e9tablir une gestion durable des for\u00eats.<\/p>\n<p>\u00ab Les for\u00eats ont cette capacit\u00e9 incroyable de stocker du carbone et nous n&rsquo;avons pas assez investi \u00bb, a d\u00e9clar\u00e9 Inger Andersen, Directrice g\u00e9n\u00e9ral de l&rsquo;Union internationale pour la conservation de la nature (UICN), lors d&rsquo;une conf\u00e9rence de presse. \u00ab Prot\u00e9ger et restaurer les for\u00eats est absolument essentiel \u00e0 la r\u00e9alisation de l&rsquo;Accord de Paris, mais aussi \u00e0 la r\u00e9alisation des ODD (Objectifs de d\u00e9veloppement durable)\u00bb.<\/p>\n<p>Les initiatives annonc\u00e9es dimanche comprennent une initiative \u00e9quatorienne visant \u00e0 r\u00e9duire les \u00e9missions de CO2 de 15 millions de tonnes dans le secteur forestier; un engagement de l&rsquo;entreprise Walmart en faveur de produits sans d\u00e9forestation; la nouvelle politique de l&rsquo;entreprise Mars Inc. visant \u00e0 r\u00e9duire son empreinte carbone de 27% d&rsquo;ici 2025 et de 67% d&rsquo;ici 2050 en s&rsquo;attaquant \u00e0 la d\u00e9forestation tout au long de la cha\u00eene de valeur de l&rsquo;entreprise; et les efforts d\u00e9ploy\u00e9s par le Service des parcs nationaux du Gabon pour mettre un terme \u00e0 l&rsquo;exploitation foresti\u00e8re ill\u00e9gale.<\/p>\n<h5><em>L&rsquo;industrie s&rsquo;engage \u00e0 mettre en oeuvre l&rsquo;Accord de Paris<\/em><\/h5>\n<p>Le secteur industriel a \u00e9galement d\u00e9clar\u00e9 qu&rsquo;il \u00e9tait pr\u00eat \u00e0 fournir une grande partie des r\u00e9ductions d&rsquo;\u00e9missions n\u00e9cessaires pour atteindre l&rsquo;objectif de l&rsquo;Accord de Paris sur le climat, mais a ajout\u00e9 que des partenariats nationaux et internationaux plus \u00e9troits avec les gouvernements aideraient les entreprises \u00e0 prendre davantage de mesures, et plus rapidement.<\/p>\n<p>\u00ab L&rsquo;industrie agit sur le changement climatique comme jamais dans l&rsquo;histoire \u00bb, a d\u00e9clar\u00e9 Peter Bakker, PDG du Conseil mondial des entreprises pour le d\u00e9veloppement durable (WBCSD). \u00ab La transition vers une \u00e9conomie sobre en carbone est in\u00e9vitable et les entreprises continueront \u00e0 mettre en oeuvre les solutions n\u00e9cessaires pour remplir l&rsquo;Accord de Paris \u00bb.<\/p>\n<p>Depuis 2015, plus de 600 entreprises dont les revenus combin\u00e9s d\u00e9passent les 15.000 milliards de dollars ont pris plus de 1.000 engagements en faveur de l&rsquo;action climatique par le biais de We Mean Business, une coalition mondiale \u00e0 but non lucratif. Beaucoup notamment vont devenir 100% \u00e9nergies renouvelables et collaborer entre secteurs gr\u00e2ce \u00e0 l&rsquo;initiative de Partenariat de la technologie \u00e0 faible teneur en carbone (LCTPi).<\/p>\n<h5><em>Dirigeants locaux et r\u00e9gionaux signent un engagement pour aller plus vite<\/em><\/h5>\n<p>De leur c\u00f4t\u00e9, des dirigeants locaux et r\u00e9gionaux du monde entier ont sign\u00e9 dimanche l&rsquo;Engagement Bonn-Fidji dans lequel ils promettent de prendre de nouvelles mesures, et plus rapidement, pour mettre en oeuvre l&rsquo;Accord de Paris, alors que les villes sont responsables de pr\u00e8s de 70% des \u00e9missions de gaz \u00e0 effet de serre provenant des combustibles fossiles utilis\u00e9s pour l&rsquo;\u00e9nergie et les transports.<\/p>\n<p>Avec plus de la moiti\u00e9 de la population mondiale vivant dans les villes et devant s&rsquo;approcher des deux tiers d&rsquo;ici 2050, l&rsquo;Engagement Bonn-Fidji vise \u00e0 stimuler les efforts pour avancer vers un d\u00e9veloppement urbain durable.<\/p>\n<p>L&rsquo;Engagement englobe 19 initiatives, dont la Convention des maires et le Pacte des maires travaillant ensemble pour cr\u00e9er le Pacte mondial des maires pour le climat et l&rsquo;\u00e9nergie, une coalition de plus de 7.400 villes sur six continents et dans 121 pays pour r\u00e9duire les \u00e9missions et rendre les \u00e9conomies et les soci\u00e9t\u00e9s r\u00e9silientes au changement climatique.<\/p>\n<p>De son c\u00f4t\u00e9, l&rsquo;Organisation mondiale de la sant\u00e9 (<a href=\"http:\/\/www.who.int\/fr\/\">OMS<\/a>), en collaboration avec le Secr\u00e9tariat des Nations Unies sur les changements climatiques (Ä¢¹½ÊÓÆµFCCC) et en partenariat avec la pr\u00e9sidence fidjienne, a lanc\u00e9 une initiative pour prot\u00e9ger les populations des petits \u00c9tats insulaires en d\u00e9veloppement contre les effets du changement climatique. L&rsquo;objectif est que, d&rsquo;ici 2030, ces Etats auront des syst\u00e8mes de sant\u00e9 r\u00e9silients aux changements climatiques.<\/p>\n<p>Enfin, Pierre Rolland, un cycliste professionnel fran\u00e7ais, venu participer \u00e0 un &lsquo;Tour de Bonn&rsquo; \u00e0 v\u00e9lo, a appel\u00e9 les athl\u00e8tes \u00e0 travers le monde \u00e0 rappeler aux gens que l&rsquo;action climatique est tr\u00e8s importante. \u00ab C&rsquo;est une belle op\u00e9ration de rouler pour le climat \u00bb, a-t-il d\u00e9clar\u00e9.<\/p>\n<\/div><div class=\"fusion-clearfix\"><\/div><\/div><\/div><\/div><\/div>\n","protected":false},"excerpt":{"rendered":"","protected":false},"author":136,"featured_media":8067,"comment_status":"closed","ping_status":"closed","sticky":false,"template":"","format":"standard","meta":{"_et_pb_use_builder":"","_et_pb_old_content":"","_et_gb_content_width":"","footnotes":""},"categories":[16,5],"tags":[],"class_list":["post-8063","post","type-post","status-publish","format-standard","has-post-thumbnail","hentry","category-news","category-climate-change"],"_links":{"self":[{"href":"https:\/\/www.un.org\/sustainabledevelopment\/fr\/wp-json\/wp\/v2\/posts\/8063","targetHints":{"allow":["GET"]}}],"collection":[{"href":"https:\/\/www.un.org\/sustainabledevelopment\/fr\/wp-json\/wp\/v2\/posts"}],"about":[{"href":"https:\/\/www.un.org\/sustainabledevelopment\/fr\/wp-json\/wp\/v2\/types\/post"}],"author":[{"embeddable":true,"href":"https:\/\/www.un.org\/sustainabledevelopment\/fr\/wp-json\/wp\/v2\/users\/136"}],"replies":[{"embeddable":true,"href":"https:\/\/www.un.org\/sustainabledevelopment\/fr\/wp-json\/wp\/v2\/comments?post=8063"}],"version-history":[{"count":0,"href":"https:\/\/www.un.org\/sustainabledevelopment\/fr\/wp-json\/wp\/v2\/posts\/8063\/revisions"}],"wp:featuredmedia":[{"embeddable":true,"href":"https:\/\/www.un.org\/sustainabledevelopment\/fr\/wp-json\/wp\/v2\/media\/8067"}],"wp:attachment":[{"href":"https:\/\/www.un.org\/sustainabledevelopment\/fr\/wp-json\/wp\/v2\/media?parent=8063"}],"wp:term":[{"taxonomy":"category","embeddable":true,"href":"https:\/\/www.un.org\/sustainabledevelopment\/fr\/wp-json\/wp\/v2\/categories?post=8063"},{"taxonomy":"post_tag","embeddable":true,"href":"https:\/\/www.un.org\/sustainabledevelopment\/fr\/wp-json\/wp\/v2\/tags?post=8063"}],"curies":[{"name":"wp","href":"https:\/\/api.w.org\/{rel}","templated":true}]}}