  {"id":171598,"date":"2012-05-30T19:55:41","date_gmt":"2012-05-30T19:55:41","guid":{"rendered":"https:\/\/www.un.org\/unispal\/?p=171598"},"modified":"2019-01-03T12:31:53","modified_gmt":"2019-01-03T17:31:53","slug":"united-nations-international-meeting-on-the-question-of-palestine-the-role-of-youth-and-women-in-the-peaceful-resolution-of-the-question-of-palestine-unesco-headquarters-paris-30-and-31-may-2","status":"publish","type":"post","link":"https:\/\/www.un.org\/unispal\/united-nations-international-meeting-on-the-question-of-palestine-the-role-of-youth-and-women-in-the-peaceful-resolution-of-the-question-of-palestine-unesco-headquarters-paris-30-and-31-may-2\/","title":{"rendered":"United Nations International Meeting on the Question of Palestine  &#8220;The role of youth and women in the peaceful resolution of the question of Palestine&#8221;  Ä¢¹½ÊÓÆµESCO Headquarters,  Paris, 30 and 31 May 2012"},"content":{"rendered":"<div class=\"fusion-fullwidth fullwidth-box fusion-builder-row-1 nonhundred-percent-fullwidth non-hundred-percent-height-scrolling\" style=\"--awb-background-position:left top;--awb-border-radius-top-left:0px;--awb-border-radius-top-right:0px;--awb-border-radius-bottom-right:0px;--awb-border-radius-bottom-left:0px;--awb-padding-top:20px;--awb-padding-bottom:20px;--awb-border-sizes-top:0px;--awb-border-sizes-bottom:0px;--awb-flex-wrap:wrap;\" ><div class=\"fusion-builder-row fusion-row\"><div class=\"fusion-layout-column fusion_builder_column fusion-builder-column-0 fusion_builder_column_1_1 1_1 fusion-one-full fusion-column-first fusion-column-last fusion-column-no-min-height\" style=\"--awb-bg-size:cover;--awb-margin-bottom:0px;\"><div class=\"fusion-column-wrapper fusion-flex-column-wrapper-legacy\"><div class=\"fusion-text fusion-text-1\"><p style=\"text-align: center\"><strong>R\u00e9union internationale des Nations Unies sur la question de Palestine\u00a0Le r\u00f4le des jeunes et des femmes dans le r\u00e8glement pacifique de la question de Palestine\u00a0<\/strong><strong>Si\u00e8ge de l\u2019Ä¢¹½ÊÓÆµESCO, Paris, 30 et 31 mai 2012<\/strong><\/p>\n<p><img decoding=\"async\" class=\"lazyload size-full wp-image-171601 aligncenter\" src=\"https:\/\/www.un.org\/unispal\/wp-content\/uploads\/2018\/12\/Photo-1-5.png\" data-orig-src=\"https:\/\/www.un.org\/unispal\/wp-content\/uploads\/2018\/12\/Photo-1-5.png\" alt=\"\" width=\"400\" height=\"300\" srcset=\"data:image\/svg+xml,%3Csvg%20xmlns%3D%27http%3A%2F%2Fwww.w3.org%2F2000%2Fsvg%27%20width%3D%27400%27%20height%3D%27300%27%20viewBox%3D%270%200%20400%20300%27%3E%3Crect%20width%3D%27400%27%20height%3D%27300%27%20fill-opacity%3D%220%22%2F%3E%3C%2Fsvg%3E\" data-srcset=\"https:\/\/www.un.org\/unispal\/wp-content\/uploads\/2018\/12\/Photo-1-5-200x150.png 200w, https:\/\/www.un.org\/unispal\/wp-content\/uploads\/2018\/12\/Photo-1-5-300x225.png 300w, https:\/\/www.un.org\/unispal\/wp-content\/uploads\/2018\/12\/Photo-1-5.png 400w\" data-sizes=\"auto\" data-orig-sizes=\"(max-width: 400px) 100vw, 400px\" \/><\/p>\n<\/div><div class=\"fusion-clearfix\"><\/div><\/div><\/div><div class=\"fusion-layout-column fusion_builder_column fusion-builder-column-1 fusion_builder_column_2_3 2_3 fusion-two-third fusion-column-first\" style=\"--awb-bg-size:cover;width:65.3333%; margin-right: 4%;\"><div class=\"fusion-column-wrapper fusion-flex-column-wrapper-legacy\"><div class=\"fusion-title title fusion-title-1 fusion-title-text fusion-title-size-two\" style=\"--awb-margin-top-small:0px;--awb-margin-right-small:0px;--awb-margin-bottom-small:20px;--awb-margin-left-small:0px;\"><h2 class=\"fusion-title-heading title-heading-left fusion-responsive-typography-calculated\" style=\"margin:0;--fontSize:18;--minFontSize:18;line-height:1.5;\">Overview<\/h2><span class=\"awb-title-spacer\"><\/span><div class=\"title-sep-container\"><div class=\"title-sep sep-double sep-solid\" style=\"border-color:#e0dede;\"><\/div><\/div><\/div><div class=\"fusion-text fusion-text-2\"><p>The Meeting was convened under the auspices of the Committee on the Exercise of the Inalienable Rights of the Palestinian People. Its aim was to mobilize the international community in support of youth and women\u2019s initiatives on the ground and further raise awareness of the ways in which the energy and resourcefulness of youth and women can be harnessed to achieve a peaceful end to the Israeli occupation. Participants focused on how to empower women and youth through education, training and economic opportunities, and how to include them more in the political process. They also looked at social media networks and their impact on the building of an open Palestinian society, and considered the role of the international community, in particular, how Governments, Ä¢¹½ÊÓÆµ entities and international civil society organizations can better coordinate their efforts with Palestinian and Israeli youths and women organizations to achieve a peaceful solution to the question of Palestine.<\/p>\n<p>Le Comit\u00e9 pour l\u2019exercice des droits inali\u00e9nables du peuple palestinien souhaite mobiliser la communaut\u00e9 internationale en faveur des initiatives concr\u00e8tes men\u00e9es en faveur des jeunes et des femmes, et informer sur les moyens de mobiliser l\u2019\u00e9nergie et le potentiel de ces derniers pour mettre fin de fa\u00e7on pacifique \u00e0 l\u2019occupation isra\u00e9lienne. Les participants se pencheront sur les moyens de rendre les femmes et les jeunes ma\u00eetres de leur destin gr\u00e2ce \u00e0 des mesures d\u2019\u00e9ducation et de formation, et en leur procurant des d\u00e9bouch\u00e9s \u00e9conomiques, et de les faire participer davantage \u00e0 la vie politique. Ils s\u2019int\u00e9resseront aussi aux r\u00e9seaux sociaux et \u00e0 la mani\u00e8re dont ils contribuent \u00e0 b\u00e2tir une soci\u00e9t\u00e9 palestinienne ouverte, et examineront le r\u00f4le que joue la communaut\u00e9 internationale, en particulier la mani\u00e8re dont les gouvernements, les entit\u00e9s des Nations Unies et les organisations de la soci\u00e9t\u00e9 civile pourraient se coordonner plus efficacement avec les organisations palestiniennes et isra\u00e9liennes de jeunes et de femmes pour parvenir \u00e0 un r\u00e8glement pacifique de la question de Palestine. Les langues officielles des r\u00e9unions seront l\u2019anglais, l\u2019arabe et le fran\u00e7ais.<\/p>\n<\/div><div class=\"fusion-text fusion-text-3\"><p><strong>OPENING SESSION<\/strong><\/p>\n<p><img decoding=\"async\" class=\"lazyload alignnone size-full wp-image-171610\" src=\"https:\/\/www.un.org\/unispal\/wp-content\/uploads\/2012\/05\/Photo-2.png\" data-orig-src=\"https:\/\/www.un.org\/unispal\/wp-content\/uploads\/2012\/05\/Photo-2.png\" alt=\"\" width=\"400\" height=\"300\" srcset=\"data:image\/svg+xml,%3Csvg%20xmlns%3D%27http%3A%2F%2Fwww.w3.org%2F2000%2Fsvg%27%20width%3D%27400%27%20height%3D%27300%27%20viewBox%3D%270%200%20400%20300%27%3E%3Crect%20width%3D%27400%27%20height%3D%27300%27%20fill-opacity%3D%220%22%2F%3E%3C%2Fsvg%3E\" data-srcset=\"https:\/\/www.un.org\/unispal\/wp-content\/uploads\/2012\/05\/Photo-2-200x150.png 200w, https:\/\/www.un.org\/unispal\/wp-content\/uploads\/2012\/05\/Photo-2-300x225.png 300w, https:\/\/www.un.org\/unispal\/wp-content\/uploads\/2012\/05\/Photo-2.png 400w\" data-sizes=\"auto\" data-orig-sizes=\"(max-width: 400px) 100vw, 400px\" \/><\/p>\n<p>H.E. Mr. Ban Ki-Moon, Secretary-General of the United Nations, Message delivered via video (Text: <a href=\"http:\/\/www.un.org\/depts\/dpa\/qpal\/docs\/2012Paris\/OPENING%20-%20Ä¢¹½ÊÓÆµSG%20-%20Statements%20(A).pdf\">Arabic<\/a>, <a href=\"http:\/\/www.un.org\/depts\/dpa\/qpal\/docs\/2012Paris\/OPENING%20-%20Ä¢¹½ÊÓÆµSG%20-%20Statements%20(E).pdf\">English<\/a>, <a href=\"http:\/\/www.un.org\/depts\/dpa\/qpal\/docs\/2012Paris\/OPENING%20-%20Ä¢¹½ÊÓÆµSG%20-%20Statements%20(F).pdf\">French<\/a>)<\/p>\n<p>H.E. Mr. Abdou Salam Diallo, Chairman of the Committee on the Exercise of the Inalienable Rights of the Palestinian People (<a href=\"http:\/\/www.un.org\/depts\/dpa\/qpal\/docs\/2012Paris\/Chair%20opening%20statement%20INTL%20MTG%20E.pdf\">English<\/a>, <a href=\"http:\/\/www.un.org\/depts\/dpa\/qpal\/docs\/2012Paris\/Chair%20opening%20statement%20INTL%20MTG%20F.pdf\">French<\/a>)<\/p>\n<p>Mr. Getachew Engida, Deputy Director-General, United Nations Educational, Scientific and Cultural Organization, Representative of the Director-General of Ä¢¹½ÊÓÆµESCO (<a href=\"http:\/\/www.un.org\/depts\/dpa\/qpal\/docs\/2012Paris\/OPENING%20-%20DDG%20-%20Ä¢¹½ÊÓÆµESCO%20(E).pdf\">English<\/a>)<\/p>\n<p><img decoding=\"async\" class=\"lazyload alignnone size-full wp-image-171616\" src=\"https:\/\/www.un.org\/unispal\/wp-content\/uploads\/2012\/05\/Photo-3.png\" data-orig-src=\"https:\/\/www.un.org\/unispal\/wp-content\/uploads\/2012\/05\/Photo-3.png\" alt=\"\" width=\"400\" height=\"300\" srcset=\"data:image\/svg+xml,%3Csvg%20xmlns%3D%27http%3A%2F%2Fwww.w3.org%2F2000%2Fsvg%27%20width%3D%27400%27%20height%3D%27300%27%20viewBox%3D%270%200%20400%20300%27%3E%3Crect%20width%3D%27400%27%20height%3D%27300%27%20fill-opacity%3D%220%22%2F%3E%3C%2Fsvg%3E\" data-srcset=\"https:\/\/www.un.org\/unispal\/wp-content\/uploads\/2012\/05\/Photo-3-200x150.png 200w, https:\/\/www.un.org\/unispal\/wp-content\/uploads\/2012\/05\/Photo-3-300x225.png 300w, https:\/\/www.un.org\/unispal\/wp-content\/uploads\/2012\/05\/Photo-3.png 400w\" data-sizes=\"auto\" data-orig-sizes=\"(max-width: 400px) 100vw, 400px\" \/><\/p>\n<p>H.E. Ms. Rabiha Diab, Minister for Women&#8217;s Affairs, Palestinian Authority, Ramallah, Representative of Palestine (<a href=\"http:\/\/www.un.org\/depts\/dpa\/qpal\/docs\/2012Paris\/OPENING%20-%20Rabiha%20Diab%20(A).pdf\">Arabic<\/a>, <a href=\"http:\/\/www.un.org\/depts\/dpa\/qpal\/docs\/2012Paris\/OPENING%20-%20Rabiha%20Diab%20(E).pdf\">English<\/a>, <a href=\"http:\/\/www.un.org\/depts\/dpa\/qpal\/docs\/2012Paris\/OPENING%20-%20Rabiha%20Diab%20(F).pdf\">French<\/a>)<\/p>\n<p><img decoding=\"async\" class=\"lazyload alignnone size-full wp-image-171619\" src=\"https:\/\/www.un.org\/unispal\/wp-content\/uploads\/2012\/05\/Photo-4.png\" data-orig-src=\"https:\/\/www.un.org\/unispal\/wp-content\/uploads\/2012\/05\/Photo-4.png\" alt=\"\" width=\"400\" height=\"300\" srcset=\"data:image\/svg+xml,%3Csvg%20xmlns%3D%27http%3A%2F%2Fwww.w3.org%2F2000%2Fsvg%27%20width%3D%27400%27%20height%3D%27300%27%20viewBox%3D%270%200%20400%20300%27%3E%3Crect%20width%3D%27400%27%20height%3D%27300%27%20fill-opacity%3D%220%22%2F%3E%3C%2Fsvg%3E\" data-srcset=\"https:\/\/www.un.org\/unispal\/wp-content\/uploads\/2012\/05\/Photo-4-200x150.png 200w, https:\/\/www.un.org\/unispal\/wp-content\/uploads\/2012\/05\/Photo-4-300x225.png 300w, https:\/\/www.un.org\/unispal\/wp-content\/uploads\/2012\/05\/Photo-4.png 400w\" data-sizes=\"auto\" data-orig-sizes=\"(max-width: 400px) 100vw, 400px\" \/><\/p>\n<p>Mr. St\u00e9phane Fr\u00e9d\u00e9ric Hessel, Honorary Ambassador of France<\/p>\n<p><img decoding=\"async\" class=\"lazyload alignnone size-full wp-image-171622\" src=\"https:\/\/www.un.org\/unispal\/wp-content\/uploads\/2012\/05\/Photo-5.png\" data-orig-src=\"https:\/\/www.un.org\/unispal\/wp-content\/uploads\/2012\/05\/Photo-5.png\" alt=\"\" width=\"400\" height=\"277\" srcset=\"data:image\/svg+xml,%3Csvg%20xmlns%3D%27http%3A%2F%2Fwww.w3.org%2F2000%2Fsvg%27%20width%3D%27400%27%20height%3D%27277%27%20viewBox%3D%270%200%20400%20277%27%3E%3Crect%20width%3D%27400%27%20height%3D%27277%27%20fill-opacity%3D%220%22%2F%3E%3C%2Fsvg%3E\" data-srcset=\"https:\/\/www.un.org\/unispal\/wp-content\/uploads\/2012\/05\/Photo-5-200x139.png 200w, https:\/\/www.un.org\/unispal\/wp-content\/uploads\/2012\/05\/Photo-5-300x208.png 300w, https:\/\/www.un.org\/unispal\/wp-content\/uploads\/2012\/05\/Photo-5.png 400w\" data-sizes=\"auto\" data-orig-sizes=\"(max-width: 400px) 100vw, 400px\" \/><\/p>\n<\/div><div class=\"fusion-text fusion-text-4\"><p><strong>PLENARY I<\/strong><br \/>\n<em>&#8220;The situation of youth and women in the Occupied Palestinian\u00a0Territory, including East Jerusalem&#8221;<\/em><\/p>\n<p><img decoding=\"async\" class=\"lazyload alignnone size-full wp-image-171628\" src=\"https:\/\/www.un.org\/unispal\/wp-content\/uploads\/2012\/05\/Photo-7.png\" data-orig-src=\"https:\/\/www.un.org\/unispal\/wp-content\/uploads\/2012\/05\/Photo-7.png\" alt=\"\" width=\"400\" height=\"300\" srcset=\"data:image\/svg+xml,%3Csvg%20xmlns%3D%27http%3A%2F%2Fwww.w3.org%2F2000%2Fsvg%27%20width%3D%27400%27%20height%3D%27300%27%20viewBox%3D%270%200%20400%20300%27%3E%3Crect%20width%3D%27400%27%20height%3D%27300%27%20fill-opacity%3D%220%22%2F%3E%3C%2Fsvg%3E\" data-srcset=\"https:\/\/www.un.org\/unispal\/wp-content\/uploads\/2012\/05\/Photo-7-200x150.png 200w, https:\/\/www.un.org\/unispal\/wp-content\/uploads\/2012\/05\/Photo-7-300x225.png 300w, https:\/\/www.un.org\/unispal\/wp-content\/uploads\/2012\/05\/Photo-7.png 400w\" data-sizes=\"auto\" data-orig-sizes=\"(max-width: 400px) 100vw, 400px\" \/><\/p>\n<p>Ms. Siham Rashid, Project Manager, United Nations Entity for Gender Equality and the Empowerment of Women (Ä¢¹½ÊÓÆµ Women), Ramallah (<a href=\"http:\/\/www.un.org\/depts\/dpa\/qpal\/docs\/2012Paris\/P1%20Siham%20Rashid%20_E_.pdf\">English<\/a>)<\/p>\n<p>Mr. Matthias Burchard, Director, Ä¢¹½ÊÓÆµRWA Representative Offices to the EU and Geneva, Brussels (<a href=\"http:\/\/www.un.org\/depts\/dpa\/qpal\/docs\/2012Paris\/P1%20Matthias%20Burchard%20_E_.pdf\">English<\/a>)<\/p>\n<p>Ms. Nour Odeh, Freelance journalist and media consultant, Ramallah (<a href=\"http:\/\/www.un.org\/depts\/dpa\/qpal\/docs\/2012Paris\/P1%20Nour%20Odeh%20_E_.pdf\">English<\/a>)<\/p>\n<p>Mr. Akram Natsheh, Youth Against Settlements, Hebron (<a href=\"http:\/\/www.un.org\/depts\/dpa\/qpal\/docs\/2012Paris\/P1%20Akram%20Natsheh%20(A).pdf\">Arabic<\/a>, <a href=\"http:\/\/www.un.org\/depts\/dpa\/qpal\/docs\/2012Paris\/P1%20Akram%20Natsheh%20(E).pdf\">English<\/a>)<\/p>\n<p>Mr. Mohammed S. M. Iqtifan, Campaign Coordinator, Migratory Letters Campaign, Gaza (<a href=\"http:\/\/www.un.org\/depts\/dpa\/qpal\/docs\/2012Paris\/P1%20Mohammed%20Iqtifan%20(A).pdf\">Arabic<\/a>, <a href=\"http:\/\/www.un.org\/depts\/dpa\/qpal\/docs\/2012Paris\/P1%20Mohammed%20Iqtifan%20(E).pdf\">English<\/a>, <a href=\"http:\/\/www.un.org\/depts\/dpa\/qpal\/docs\/2012Paris\/P1%20Mohammed%20Iqtifan%20(F).pdf\">French<\/a>)<\/p>\n<p><strong>PLENARY II<\/strong><br \/>\n<em>&#8220;Empowerment of women and youth: a core prerequisite in the Palestinian society for an independent State of Palestine&#8221;<\/em><\/p>\n<p><img decoding=\"async\" class=\"lazyload alignnone size-full wp-image-171634\" src=\"https:\/\/www.un.org\/unispal\/wp-content\/uploads\/2012\/05\/Photo-8.png\" data-orig-src=\"https:\/\/www.un.org\/unispal\/wp-content\/uploads\/2012\/05\/Photo-8.png\" alt=\"\" width=\"400\" height=\"320\" srcset=\"data:image\/svg+xml,%3Csvg%20xmlns%3D%27http%3A%2F%2Fwww.w3.org%2F2000%2Fsvg%27%20width%3D%27400%27%20height%3D%27320%27%20viewBox%3D%270%200%20400%20320%27%3E%3Crect%20width%3D%27400%27%20height%3D%27320%27%20fill-opacity%3D%220%22%2F%3E%3C%2Fsvg%3E\" data-srcset=\"https:\/\/www.un.org\/unispal\/wp-content\/uploads\/2012\/05\/Photo-8-177x142.png 177w, https:\/\/www.un.org\/unispal\/wp-content\/uploads\/2012\/05\/Photo-8-200x160.png 200w, https:\/\/www.un.org\/unispal\/wp-content\/uploads\/2012\/05\/Photo-8-300x240.png 300w, https:\/\/www.un.org\/unispal\/wp-content\/uploads\/2012\/05\/Photo-8.png 400w\" data-sizes=\"auto\" data-orig-sizes=\"(max-width: 400px) 100vw, 400px\" \/><\/p>\n<p>Ms. Louise Haxthausen, Programme Coordinator, Conflict and Post-Conflict Operations, Ä¢¹½ÊÓÆµESCO, Paris (<a href=\"http:\/\/www.un.org\/depts\/dpa\/qpal\/docs\/2012Paris\/P2%20Louise%20Haxthausen%20(E)%20-%20Power%20Point%20Presentation.pdf\">English<\/a>)<\/p>\n<p>H.E. Mr. Nawaf Salam, Permanent Representative of Lebanon to the United Nations, New York (<a href=\"http:\/\/www.un.org\/depts\/dpa\/qpal\/docs\/2012Paris\/P2%20Nawaf%20Salam%20_E_.pdf\">English<\/a>)<\/p>\n<p>Mr. Sabri Saidam, Advisor to the President on Telecommunications, Information Technology and Technical Education, Palestinian Authority, Ramallah<\/p>\n<p>Mr. Muath Abu Arqoub, Youth activist and expert on social media, Ramallah (<a href=\"http:\/\/www.un.org\/depts\/dpa\/qpal\/docs\/2012Paris\/P2%20Muath%20Abu%20Arqoub%20(A).pdf\">Arabic<\/a>, <a href=\"http:\/\/www.un.org\/depts\/dpa\/qpal\/docs\/2012Paris\/P2%20Muath%20Abu%20Arqoub%20(E).pdf\">English<\/a>, <a href=\"http:\/\/www.un.org\/depts\/dpa\/qpal\/docs\/2012Paris\/P2%20Muath%20Abu%20Arqoub%20(F).pdf\">French<\/a>)<\/p>\n<p><strong>PLENARY III<\/strong><br \/>\n<em>&#8220;The role of the international community, in <\/em>particular<em>,\u00a0the United Nations and civil society&#8221;<\/em><\/p>\n<p><img decoding=\"async\" class=\"lazyload alignnone size-full wp-image-171643\" src=\"https:\/\/www.un.org\/unispal\/wp-content\/uploads\/2012\/05\/Photo-9.png\" data-orig-src=\"https:\/\/www.un.org\/unispal\/wp-content\/uploads\/2012\/05\/Photo-9.png\" alt=\"\" width=\"400\" height=\"300\" srcset=\"data:image\/svg+xml,%3Csvg%20xmlns%3D%27http%3A%2F%2Fwww.w3.org%2F2000%2Fsvg%27%20width%3D%27400%27%20height%3D%27300%27%20viewBox%3D%270%200%20400%20300%27%3E%3Crect%20width%3D%27400%27%20height%3D%27300%27%20fill-opacity%3D%220%22%2F%3E%3C%2Fsvg%3E\" data-srcset=\"https:\/\/www.un.org\/unispal\/wp-content\/uploads\/2012\/05\/Photo-9-200x150.png 200w, https:\/\/www.un.org\/unispal\/wp-content\/uploads\/2012\/05\/Photo-9-300x225.png 300w, https:\/\/www.un.org\/unispal\/wp-content\/uploads\/2012\/05\/Photo-9.png 400w\" data-sizes=\"auto\" data-orig-sizes=\"(max-width: 400px) 100vw, 400px\" \/><\/p>\n<p>Mr. Tal Harris, Executive Director, One Voice Israel, Tel Aviv<\/p>\n<p>Ms. Phyllis Bennis, Director, New Internationalism Project, Fellow, Institute for Policy Studies, US Campaign to End the Israeli Occupation, Washington, D.C.<\/p>\n<p>Ms. Rutie Atsmon, Co-founder and Director, Windows: Channels for Communication, Tel Aviv\/Ramallah (<a href=\"http:\/\/www.un.org\/depts\/dpa\/qpal\/docs\/2012Paris\/P3%20Rutie%20Atsmon%20_E_.pdf\">English<\/a>)<\/p>\n<p>Ms. Shifa Jayousi, Programme Officer, Office of the United Nations Special Coordinator for the Middle East Peace Process, Jerusalem (<a href=\"http:\/\/www.un.org\/depts\/dpa\/qpal\/docs\/2012Paris\/P3%20Shifa%20Jayousi%20E%20-%20Power%20Point.pdf\">English<\/a>)<\/p>\n<p>Ms. Fadwa Khawaja Al-Shaer, Director General, NGO Department, Ministry of Interior, Palestinian Authority, Ramallah<\/p>\n<p><strong>CLOSING SESSION<\/strong><\/p>\n<p><img decoding=\"async\" class=\"lazyload alignnone size-full wp-image-171649\" src=\"https:\/\/www.un.org\/unispal\/wp-content\/uploads\/2012\/05\/Photo-10.png\" data-orig-src=\"https:\/\/www.un.org\/unispal\/wp-content\/uploads\/2012\/05\/Photo-10.png\" alt=\"\" width=\"400\" height=\"284\" srcset=\"data:image\/svg+xml,%3Csvg%20xmlns%3D%27http%3A%2F%2Fwww.w3.org%2F2000%2Fsvg%27%20width%3D%27400%27%20height%3D%27284%27%20viewBox%3D%270%200%20400%20284%27%3E%3Crect%20width%3D%27400%27%20height%3D%27284%27%20fill-opacity%3D%220%22%2F%3E%3C%2Fsvg%3E\" data-srcset=\"https:\/\/www.un.org\/unispal\/wp-content\/uploads\/2012\/05\/Photo-10-200x142.png 200w, https:\/\/www.un.org\/unispal\/wp-content\/uploads\/2012\/05\/Photo-10-300x214.png 300w, https:\/\/www.un.org\/unispal\/wp-content\/uploads\/2012\/05\/Photo-10.png 400w\" data-sizes=\"auto\" data-orig-sizes=\"(max-width: 400px) 100vw, 400px\" \/><\/p>\n<p>H.E. Ms. Rabiha Diab, Minister for Women&#8217;s Affairs, Palestinian Authority, Ramallah, Representative of Palestine<\/p>\n<p>H.E. Mr. Abdou Salam Diallo, Chairman of the Committee on the Exercise of the Inalienable Rights of the Palestinian People (<a href=\"http:\/\/www.un.org\/depts\/dpa\/qpal\/docs\/2012Paris\/Chair%20closing%20statement%20INTL%20MTG%20E.pdf\">English<\/a>, <a href=\"http:\/\/www.un.org\/depts\/dpa\/qpal\/docs\/2012Paris\/Chair%20closing%20statement%20INTL%20MTG%20F.pdf\">French<\/a>)<\/p>\n<\/div><div class=\"fusion-clearfix\"><\/div><\/div><\/div><div class=\"fusion-layout-column fusion_builder_column fusion-builder-column-2 fusion_builder_column_1_3 1_3 fusion-one-third fusion-column-last\" style=\"--awb-bg-size:cover;width:30.6666%;\"><div class=\"fusion-column-wrapper fusion-flex-column-wrapper-legacy\"><div class=\"fusion-title title fusion-title-2 fusion-title-text fusion-title-size-three\" style=\"--awb-margin-top-small:0px;--awb-margin-right-small:0px;--awb-margin-bottom-small:20px;--awb-margin-left-small:0px;\"><h3 class=\"fusion-title-heading title-heading-left fusion-responsive-typography-calculated\" style=\"margin:0;--fontSize:16;--minFontSize:16;line-height:1.5;\">Resources<\/h3><span class=\"awb-title-spacer\"><\/span><div class=\"title-sep-container\"><div class=\"title-sep sep-double sep-solid\" style=\"border-color:#e0dede;\"><\/div><\/div><\/div><div class=\"fusion-text fusion-text-5\"><ul>\n<li>Programme (<a href=\"http:\/\/www.un.org\/depts\/dpa\/qpal\/docs\/2012Paris\/FINAL%20ISSUED%20programme%20Paris%202012%20names%20A%20_for%20website_.pdf\">Arabic<\/a>, <a href=\"http:\/\/www.un.org\/depts\/dpa\/qpal\/docs\/2012Paris\/FINAL%20ISSUED%20programme%20Paris%202012%20names%20E.pdf\">English<\/a>, <a href=\"http:\/\/www.un.org\/depts\/dpa\/qpal\/docs\/2012Paris\/FINAL%20ISSUED%20programme%20Paris%202012%20names%20F.pdf\">French<\/a>)<\/li>\n<li>Chairman Summary (<a href=\"http:\/\/www.un.org\/depts\/dpa\/qpal\/docs\/2012Paris\/CHAIR%20SUMMARY%20PARIS%20%5BE%5D.pdf\">English<\/a>, <a href=\"http:\/\/www.un.org\/depts\/dpa\/qpal\/docs\/2012Paris\/CHAIR%20SUMMARY%20PARIS%20%5BF%5D.pdf\">French<\/a>)<\/li>\n<li><a href=\"http:\/\/www.un.org\/depts\/dpa\/qpal\/docs\/2012Paris\/Biodata%20Paris%202012%20E.pdf\">Biographical notes on speakers<\/a><\/li>\n<li><a href=\"https:\/\/unispal.un.org\/pdfs\/13-32580.pdf\">Final report<\/a><\/li>\n<\/ul>\n<\/div><div class=\"fusion-clearfix\"><\/div><\/div><\/div><\/div><\/div>\n","protected":false},"excerpt":{"rendered":"","protected":false},"author":301,"featured_media":0,"comment_status":"closed","ping_status":"closed","sticky":false,"template":"","format":"standard","meta":{"footnotes":""},"categories":[1685],"tags":[],"country":[],"committee-meeting":[],"class_list":["post-171598","post","type-post","status-publish","format-standard","hentry","category-international-meetings"],"_links":{"self":[{"href":"https:\/\/www.un.org\/unispal\/wp-json\/wp\/v2\/posts\/171598","targetHints":{"allow":["GET"]}}],"collection":[{"href":"https:\/\/www.un.org\/unispal\/wp-json\/wp\/v2\/posts"}],"about":[{"href":"https:\/\/www.un.org\/unispal\/wp-json\/wp\/v2\/types\/post"}],"author":[{"embeddable":true,"href":"https:\/\/www.un.org\/unispal\/wp-json\/wp\/v2\/users\/301"}],"replies":[{"embeddable":true,"href":"https:\/\/www.un.org\/unispal\/wp-json\/wp\/v2\/comments?post=171598"}],"version-history":[{"count":0,"href":"https:\/\/www.un.org\/unispal\/wp-json\/wp\/v2\/posts\/171598\/revisions"}],"wp:attachment":[{"href":"https:\/\/www.un.org\/unispal\/wp-json\/wp\/v2\/media?parent=171598"}],"wp:term":[{"taxonomy":"category","embeddable":true,"href":"https:\/\/www.un.org\/unispal\/wp-json\/wp\/v2\/categories?post=171598"},{"taxonomy":"post_tag","embeddable":true,"href":"https:\/\/www.un.org\/unispal\/wp-json\/wp\/v2\/tags?post=171598"},{"taxonomy":"country","embeddable":true,"href":"https:\/\/www.un.org\/unispal\/wp-json\/wp\/v2\/country?post=171598"},{"taxonomy":"committee-meeting","embeddable":true,"href":"https:\/\/www.un.org\/unispal\/wp-json\/wp\/v2\/committee-meeting?post=171598"}],"curies":[{"name":"wp","href":"https:\/\/api.w.org\/{rel}","templated":true}]}}