  {"id":174072,"date":"2011-03-31T21:08:54","date_gmt":"2011-03-31T21:08:54","guid":{"rendered":"https:\/\/www.un.org\/unispal\/?p=174072"},"modified":"2019-11-05T12:17:12","modified_gmt":"2019-11-05T17:17:12","slug":"united-nations-meeting-of-civil-society-in-support-of-israeli-palestinian-peace-engaging-civil-society-in-latin-america-and-the-caribbean-for-peace-and-reconciliation-between-israelis-and-pal","status":"publish","type":"post","link":"https:\/\/www.un.org\/unispal\/united-nations-meeting-of-civil-society-in-support-of-israeli-palestinian-peace-engaging-civil-society-in-latin-america-and-the-caribbean-for-peace-and-reconciliation-between-israelis-and-pal\/","title":{"rendered":"United Nations Meeting of Civil Society in Support of Israeli-Palestinian Peace \u201cEngaging civil society in Latin America and the Caribbean for peace and reconciliation between Israelis and Palestinians\u201d Montevideo 31 March 2011"},"content":{"rendered":"<div class=\"fusion-fullwidth fullwidth-box fusion-builder-row-1 nonhundred-percent-fullwidth non-hundred-percent-height-scrolling\" style=\"--awb-background-position:left top;--awb-border-radius-top-left:0px;--awb-border-radius-top-right:0px;--awb-border-radius-bottom-right:0px;--awb-border-radius-bottom-left:0px;--awb-padding-top:20px;--awb-padding-bottom:20px;--awb-border-sizes-top:0px;--awb-border-sizes-bottom:0px;--awb-flex-wrap:wrap;\" ><div class=\"fusion-builder-row fusion-row\"><div class=\"fusion-layout-column fusion_builder_column fusion-builder-column-0 fusion_builder_column_1_1 1_1 fusion-one-full fusion-column-first fusion-column-last fusion-column-no-min-height\" style=\"--awb-bg-size:cover;--awb-margin-bottom:0px;\"><div class=\"fusion-column-wrapper fusion-flex-column-wrapper-legacy\"><div class=\"fusion-text fusion-text-1\"><p>The Meeting of Civil Society examined perceptions of the Israeli-Palestinian conflict in Latin America and the Caribbean and the related roles of the media, academic institutions, think tanks, political parties, trade unions and foundations. It also focused on bringing civil society together to advance the Israeli-Palestinian peace process, including through reaching decision-makers, pursuing common goals and isolating extremists, and involving communities in the region, including Arab and Jewish.<\/p>\n<p>Reuni\u00f3n de las Naciones Unidas para la sociedad civil en apoyo a la paz israelo-palestina<br \/>\n\u201cHacer intervenir a la sociedad civil de Am\u00e9rica Latina y el Caribe en favor de la paz y la reconciliaci\u00f3n entre los israel\u00edes y los palestinos\u201d<br \/>\n31 de marzo de 2011<\/p>\n<p>En la Reuni\u00f3n para la sociedad civil, se examinar\u00e1n las percepciones del conflicto israelo-palestino en Am\u00e9rica Latina y el Caribe y las funciones que corresponden a los medios, las instituciones acad\u00e9micas, los grupos de estudios, los partidos pol\u00edticos, los sindicatos y las fundaciones. La Reuni\u00f3n tambi\u00e9n tendr\u00e1 como objetivo reunir a la sociedad civil para avanzar en el proceso de paz entre Israel y Palestina, entre otras cosas mediante el contacto con las autoridades, la b\u00fasqueda de metas comunes y el aislamiento de los extremistas, as\u00ed como mediante la participaci\u00f3n de las comunidades de la regi\u00f3n, incluidas la \u00e1rabe y la jud\u00eda.<\/p>\n<\/div><div class=\"fusion-clearfix\"><\/div><\/div><\/div><div class=\"fusion-layout-column fusion_builder_column fusion-builder-column-1 fusion_builder_column_2_3 2_3 fusion-two-third fusion-column-first\" style=\"--awb-bg-size:cover;width:65.3333%; margin-right: 4%;\"><div class=\"fusion-column-wrapper fusion-flex-column-wrapper-legacy\"><div class=\"fusion-text fusion-text-2\"><p><strong>Statements<\/strong><\/p>\n<p><img decoding=\"async\" class=\"lazyload alignnone wp-image-223320\" src=\"https:\/\/www.un.org\/unispal\/wp-content\/uploads\/2011\/03\/Pic-1.png\" data-orig-src=\"https:\/\/www.un.org\/unispal\/wp-content\/uploads\/2011\/03\/Pic-1.png\" alt=\"\" width=\"400\" height=\"268\" srcset=\"data:image\/svg+xml,%3Csvg%20xmlns%3D%27http%3A%2F%2Fwww.w3.org%2F2000%2Fsvg%27%20width%3D%27400%27%20height%3D%27268%27%20viewBox%3D%270%200%20400%20268%27%3E%3Crect%20width%3D%27400%27%20height%3D%27268%27%20fill-opacity%3D%220%22%2F%3E%3C%2Fsvg%3E\" data-srcset=\"https:\/\/www.un.org\/unispal\/wp-content\/uploads\/2011\/03\/Pic-1-200x134.png 200w, https:\/\/www.un.org\/unispal\/wp-content\/uploads\/2011\/03\/Pic-1-300x201.png 300w, https:\/\/www.un.org\/unispal\/wp-content\/uploads\/2011\/03\/Pic-1.png 400w\" data-sizes=\"auto\" data-orig-sizes=\"(max-width: 400px) 100vw, 400px\" \/><\/p>\n<p>(From left to right)<br \/>\nMario Casartelli, Journalist and writer<br \/>\nElisenda Ballest\u00e9, Professor, Director, Bachelor in International Relations Programme Monterrey Institute of Technology and Higher Education, Puebla<br \/>\nZahir Tanin, Vice-Chairman of the Committee on the Exercise of the Inalienable Rights of the Palestinian People<br \/>\nRicardo Gonz\u00e1lez Arenas, General Director of Political Affairs, Ministry of Foreign Affairs of Uruguay, Representative of the Host Government<br \/>\nPedro Brieger, Journalist and sociologist<br \/>\nPedro Armengol, Executive Director, Central \u00danica dos Trabalhadores<\/p>\n<p><img decoding=\"async\" class=\"lazyload alignnone size-full wp-image-223323\" src=\"https:\/\/www.un.org\/unispal\/wp-content\/uploads\/2011\/03\/Pic-2.png\" data-orig-src=\"https:\/\/www.un.org\/unispal\/wp-content\/uploads\/2011\/03\/Pic-2.png\" alt=\"\" width=\"400\" height=\"268\" srcset=\"data:image\/svg+xml,%3Csvg%20xmlns%3D%27http%3A%2F%2Fwww.w3.org%2F2000%2Fsvg%27%20width%3D%27400%27%20height%3D%27268%27%20viewBox%3D%270%200%20400%20268%27%3E%3Crect%20width%3D%27400%27%20height%3D%27268%27%20fill-opacity%3D%220%22%2F%3E%3C%2Fsvg%3E\" data-srcset=\"https:\/\/www.un.org\/unispal\/wp-content\/uploads\/2011\/03\/Pic-2-200x134.png 200w, https:\/\/www.un.org\/unispal\/wp-content\/uploads\/2011\/03\/Pic-2-300x201.png 300w, https:\/\/www.un.org\/unispal\/wp-content\/uploads\/2011\/03\/Pic-2.png 400w\" data-sizes=\"auto\" data-orig-sizes=\"(max-width: 400px) 100vw, 400px\" \/><\/p>\n<p>(From left to right)<br \/>\nJuan Raul Ferreira, President, Uruguay-Israel Cultural Institute<br \/>\nLina Mar\u00eda Eraso Quintero, Project Director, Centro de Colaboraci\u00f3n C\u00edvica<br \/>\nAbdallah Abu Rahma, Head, Popular Committee Against the Wall<br \/>\nArlene Elizabeth Clemesha, Representative of the Institute of Arab Culture, Professor of Arab History and Director of the Centre for Arab Studies at the University of S\u00e3o Paulo<br \/>\nSecretary<br \/>\nPablo Lumerman, Director, Fundaci\u00f3n Cambio Democr\u00e1tico<br \/>\nRuben El\u00edas, President, Comisi\u00f3n de Apoyo al Pueblo Palestino-Uruguay<\/p>\n<\/div><div class=\"fusion-clearfix\"><\/div><\/div><\/div><div class=\"fusion-layout-column fusion_builder_column fusion-builder-column-2 fusion_builder_column_1_3 1_3 fusion-one-third fusion-column-last\" style=\"--awb-bg-size:cover;width:30.6666%;\"><div class=\"fusion-column-wrapper fusion-flex-column-wrapper-legacy\"><div class=\"fusion-title title fusion-title-1 fusion-title-text fusion-title-size-three\" style=\"--awb-margin-top-small:0px;--awb-margin-right-small:0px;--awb-margin-bottom-small:20px;--awb-margin-left-small:0px;\"><h3 class=\"fusion-title-heading title-heading-left fusion-responsive-typography-calculated\" style=\"margin:0;--fontSize:16;--minFontSize:16;line-height:1.5;\">Resources<\/h3><span class=\"awb-title-spacer\"><\/span><div class=\"title-sep-container\"><div class=\"title-sep sep-double sep-solid\" style=\"border-color:#e0dede;\"><\/div><\/div><\/div><div class=\"fusion-text fusion-text-3\"><ul>\n<li>Programme &#8211; (<a href=\"http:\/\/www.un.org\/depts\/dpa\/qpal\/docs\/2011%20Uruguay\/ProvProg%20CivSoc%20Uruguay%202011%20E.pdf\">English<\/a>) (<a href=\"http:\/\/www.un.org\/depts\/dpa\/qpal\/docs\/2011%20Uruguay\/ProvProg%20CivSoc%20Uruguay%202011%20S.pdf\">Spanish<\/a>)<\/li>\n<li><a href=\"https:\/\/unispal.un.org\/Ä¢¹½ÊÓÆµISPAL.NSF\/0\/13C12445CCB8004F852578650047788F\">Comunicado de prensa<\/a><\/li>\n<li><a href=\"https:\/\/unispal.un.org\/Ä¢¹½ÊÓÆµISPAL.NSF\/0\/FC41C5D80E70B5118525786500532D46\">Press release<\/a><\/li>\n<li>Final Report &#8211; (<a href=\"http:\/\/www.un.org\/depts\/dpa\/qpal\/docs\/2011%20Uruguay\/FINAL%20REPORT%20CSM%20Montevideo%202011E.pdf\">English<\/a>) (<a href=\"http:\/\/www.un.org\/depts\/dpa\/qpal\/docs\/2011%20Uruguay\/FINAL%20REPORT%20CSM%20Montevideo%202011%20SP.pdf\">Spanish<\/a>)<\/li>\n<\/ul>\n<\/div><div class=\"fusion-clearfix\"><\/div><\/div><\/div><\/div><\/div>\n","protected":false},"excerpt":{"rendered":"","protected":false},"author":301,"featured_media":0,"comment_status":"closed","ping_status":"closed","sticky":false,"template":"","format":"standard","meta":{"footnotes":""},"categories":[1685],"tags":[],"country":[],"committee-meeting":[],"class_list":["post-174072","post","type-post","status-publish","format-standard","hentry","category-international-meetings"],"_links":{"self":[{"href":"https:\/\/www.un.org\/unispal\/wp-json\/wp\/v2\/posts\/174072","targetHints":{"allow":["GET"]}}],"collection":[{"href":"https:\/\/www.un.org\/unispal\/wp-json\/wp\/v2\/posts"}],"about":[{"href":"https:\/\/www.un.org\/unispal\/wp-json\/wp\/v2\/types\/post"}],"author":[{"embeddable":true,"href":"https:\/\/www.un.org\/unispal\/wp-json\/wp\/v2\/users\/301"}],"replies":[{"embeddable":true,"href":"https:\/\/www.un.org\/unispal\/wp-json\/wp\/v2\/comments?post=174072"}],"version-history":[{"count":0,"href":"https:\/\/www.un.org\/unispal\/wp-json\/wp\/v2\/posts\/174072\/revisions"}],"wp:attachment":[{"href":"https:\/\/www.un.org\/unispal\/wp-json\/wp\/v2\/media?parent=174072"}],"wp:term":[{"taxonomy":"category","embeddable":true,"href":"https:\/\/www.un.org\/unispal\/wp-json\/wp\/v2\/categories?post=174072"},{"taxonomy":"post_tag","embeddable":true,"href":"https:\/\/www.un.org\/unispal\/wp-json\/wp\/v2\/tags?post=174072"},{"taxonomy":"country","embeddable":true,"href":"https:\/\/www.un.org\/unispal\/wp-json\/wp\/v2\/country?post=174072"},{"taxonomy":"committee-meeting","embeddable":true,"href":"https:\/\/www.un.org\/unispal\/wp-json\/wp\/v2\/committee-meeting?post=174072"}],"curies":[{"name":"wp","href":"https:\/\/api.w.org\/{rel}","templated":true}]}}