  {"id":8986,"date":"2017-02-04T18:04:57","date_gmt":"2017-02-04T18:04:57","guid":{"rendered":"https:\/\/www.un.org\/unispal\/?p=8986"},"modified":"2019-07-16T12:03:36","modified_gmt":"2019-07-16T16:03:36","slug":"united-nations-roundtable-on-the-question-of-palestine-4-february-2017-managua-nicaragua","status":"publish","type":"post","link":"https:\/\/www.un.org\/unispal\/united-nations-roundtable-on-the-question-of-palestine-4-february-2017-managua-nicaragua\/","title":{"rendered":"United Nations Roundtable on the Question of Palestine, 4 February 2017, Managua, Nicaragua"},"content":{"rendered":"<div class=\"fusion-fullwidth fullwidth-box fusion-builder-row-1 nonhundred-percent-fullwidth non-hundred-percent-height-scrolling\" style=\"--awb-background-position:left top;--awb-border-radius-top-left:0px;--awb-border-radius-top-right:0px;--awb-border-radius-bottom-right:0px;--awb-border-radius-bottom-left:0px;--awb-padding-top:20px;--awb-padding-bottom:20px;--awb-border-sizes-top:0px;--awb-border-sizes-bottom:0px;--awb-flex-wrap:wrap;\" ><div class=\"fusion-builder-row fusion-row\"><div class=\"fusion-layout-column fusion_builder_column fusion-builder-column-0 fusion_builder_column_1_1 1_1 fusion-one-full fusion-column-first fusion-column-last fusion-column-no-min-height\" style=\"--awb-bg-size:cover;--awb-margin-bottom:0px;\"><div class=\"fusion-column-wrapper fusion-flex-column-wrapper-legacy\"><div class=\"fusion-image-carousel fusion-image-carousel-auto fusion-image-carousel-1 lightbox-enabled\"><div class=\"awb-carousel awb-swiper awb-swiper-carousel awb-carousel--carousel awb-swiper-dots-position-bottom\" data-layout=\"carousel\" data-autoplay=\"no\" data-autoplayspeed=\"2500\" data-autoplaypause=\"no\" data-loop=\"yes\" data-columns=\"5\" data-columnsmedium=\"1\" data-columnssmall=\"1\" data-itemmargin=\"13\" data-itemwidth=\"180\" data-touchscroll=\"no\" data-freemode=\"no\" data-imagesize=\"auto\" data-scrollitems=\"0\" data-centeredslides=\"no\" data-rotationangle=\"50\" data-depth=\"100\" data-speed=\"500\" data-shadow=\"no\" data-pagination=\"bullets\"><div class=\"swiper-wrapper awb-image-carousel-wrapper fusion-flex-align-items-center\"><div class=\"swiper-slide\"><div class=\"fusion-carousel-item-wrapper\"><div class=\"fusion-image-wrapper hover-type-none\"><a data-rel=\"iLightbox[image_carousel_1]\" data-title=\"IMG_20170204_103040\" aria-label=\"IMG_20170204_103040\" href=\"https:\/\/www.un.org\/unispal\/wp-content\/uploads\/2016\/06\/IMG_20170204_103040-300x169.png\" target=\"_self\"><img decoding=\"async\" width=\"500\" height=\"281\" src=\"https:\/\/www.un.org\/unispal\/wp-content\/uploads\/2016\/06\/IMG_20170204_103040.png\" class=\"attachment-full size-full lazyload\" alt=\"\" srcset=\"data:image\/svg+xml,%3Csvg%20xmlns%3D%27http%3A%2F%2Fwww.w3.org%2F2000%2Fsvg%27%20width%3D%27500%27%20height%3D%27281%27%20viewBox%3D%270%200%20500%20281%27%3E%3Crect%20width%3D%27500%27%20height%3D%27281%27%20fill-opacity%3D%220%22%2F%3E%3C%2Fsvg%3E\" data-orig-src=\"https:\/\/www.un.org\/unispal\/wp-content\/uploads\/2016\/06\/IMG_20170204_103040.png\" data-srcset=\"https:\/\/www.un.org\/unispal\/wp-content\/uploads\/2016\/06\/IMG_20170204_103040-200x112.png 200w, https:\/\/www.un.org\/unispal\/wp-content\/uploads\/2016\/06\/IMG_20170204_103040-400x225.png 400w, https:\/\/www.un.org\/unispal\/wp-content\/uploads\/2016\/06\/IMG_20170204_103040.png 500w\" data-sizes=\"auto\" \/><\/a><\/div><\/div><\/div><div class=\"swiper-slide\"><div class=\"fusion-carousel-item-wrapper\"><div class=\"fusion-image-wrapper hover-type-none\"><a data-rel=\"iLightbox[image_carousel_1]\" data-title=\"New Project (1)\" aria-label=\"New Project (1)\" href=\"https:\/\/www.un.org\/unispal\/wp-content\/uploads\/2017\/04\/New-Project-1-300x240.jpg\" target=\"_self\"><img decoding=\"async\" width=\"351\" height=\"281\" src=\"https:\/\/www.un.org\/unispal\/wp-content\/uploads\/2017\/04\/New-Project-1.jpg\" class=\"attachment-full size-full lazyload\" alt=\"\" srcset=\"data:image\/svg+xml,%3Csvg%20xmlns%3D%27http%3A%2F%2Fwww.w3.org%2F2000%2Fsvg%27%20width%3D%27351%27%20height%3D%27281%27%20viewBox%3D%270%200%20351%20281%27%3E%3Crect%20width%3D%27351%27%20height%3D%27281%27%20fill-opacity%3D%220%22%2F%3E%3C%2Fsvg%3E\" data-orig-src=\"https:\/\/www.un.org\/unispal\/wp-content\/uploads\/2017\/04\/New-Project-1.jpg\" data-srcset=\"https:\/\/www.un.org\/unispal\/wp-content\/uploads\/2017\/04\/New-Project-1-200x160.jpg 200w, https:\/\/www.un.org\/unispal\/wp-content\/uploads\/2017\/04\/New-Project-1.jpg 351w\" data-sizes=\"auto\" \/><\/a><\/div><\/div><\/div><div class=\"swiper-slide\"><div class=\"fusion-carousel-item-wrapper\"><div class=\"fusion-image-wrapper hover-type-none\"><a data-rel=\"iLightbox[image_carousel_1]\" data-title=\"IMG_20170204_121517\" aria-label=\"IMG_20170204_121517\" href=\"https:\/\/www.un.org\/unispal\/wp-content\/uploads\/2017\/04\/IMG_20170204_121517-300x169.png\" target=\"_self\"><img decoding=\"async\" width=\"500\" height=\"281\" src=\"https:\/\/www.un.org\/unispal\/wp-content\/uploads\/2017\/04\/IMG_20170204_121517.png\" class=\"attachment-full size-full lazyload\" alt=\"\" srcset=\"data:image\/svg+xml,%3Csvg%20xmlns%3D%27http%3A%2F%2Fwww.w3.org%2F2000%2Fsvg%27%20width%3D%27500%27%20height%3D%27281%27%20viewBox%3D%270%200%20500%20281%27%3E%3Crect%20width%3D%27500%27%20height%3D%27281%27%20fill-opacity%3D%220%22%2F%3E%3C%2Fsvg%3E\" data-orig-src=\"https:\/\/www.un.org\/unispal\/wp-content\/uploads\/2017\/04\/IMG_20170204_121517.png\" data-srcset=\"https:\/\/www.un.org\/unispal\/wp-content\/uploads\/2017\/04\/IMG_20170204_121517-200x112.png 200w, https:\/\/www.un.org\/unispal\/wp-content\/uploads\/2017\/04\/IMG_20170204_121517-400x225.png 400w, https:\/\/www.un.org\/unispal\/wp-content\/uploads\/2017\/04\/IMG_20170204_121517.png 500w\" data-sizes=\"auto\" \/><\/a><\/div><\/div><\/div><\/div><div class=\"awb-swiper-button awb-swiper-button-prev\"><i class=\"awb-icon-angle-left\" aria-hidden=\"true\"><\/i><\/div><div class=\"awb-swiper-button awb-swiper-button-next\"><i class=\"awb-icon-angle-right\" aria-hidden=\"true\"><\/i><\/div><\/div><\/div><div class=\"fusion-clearfix\"><\/div><\/div><\/div><div class=\"fusion-layout-column fusion_builder_column fusion-builder-column-1 fusion_builder_column_2_3 2_3 fusion-two-third fusion-column-first\" style=\"--awb-bg-size:cover;width:65.3333%; margin-right: 4%;\"><div class=\"fusion-column-wrapper fusion-flex-column-wrapper-legacy\"><div class=\"fusion-title title fusion-title-1 fusion-title-text fusion-title-size-two\" style=\"--awb-margin-top-small:0px;--awb-margin-right-small:0px;--awb-margin-bottom-small:20px;--awb-margin-left-small:0px;\"><h2 class=\"fusion-title-heading title-heading-left fusion-responsive-typography-calculated\" style=\"margin:0;--fontSize:18;--minFontSize:18;line-height:1.5;\">Overview<\/h2><span class=\"awb-title-spacer\"><\/span><div class=\"title-sep-container\"><div class=\"title-sep sep-double sep-solid\" style=\"border-color:#e0dede;\"><\/div><\/div><\/div><div class=\"fusion-text fusion-text-1\"><p>The Committee on the Exercise of the Inalienable Rights of the Palestinian People convened the United Nations Roundtable on the Question of Palestine on 4 February 2017 in Managua, Nicaragua. The theme of the roundtable wasl &#8220;Building Bridges with Palestinian Diaspora in Central America&#8221;. The roundtable brrought together prominent Palestinians, including Mayors of Bethlehem and Beit Jala, representatives of the diaspora, including former Prime Minister of Belize Mr. Said Musa, academic experts to raise awareness about the critical situation on the ground and encourage constructive dialogue about practical ways in which the Palestinian diaspora in Central America can advocate for ending the occupation and support humanitarian relief, education, health and development efforts in Palestine. The diaspora representatives adopted a Managua Declaration.<\/p>\n<hr \/>\n<p>Bajo los auspicios del Comit\u00e9 para el Ejercicio de los Derechos Inalienables del Pueblo Palestino, el 4 de febrero de 2017 se celebrar\u00e1 en Managua, Nicaragua, una Jornada de las Naciones Unidas sobre la cuesti\u00f3n de Palestina. El tema de la jornada ser\u00e1 \u201cTendiendo puentes con la di\u00e1spora Palestina en Am\u00e9rica Central\u201d.<\/p>\n<p>La jornada reunir\u00e1 a destacados palestinos, representantes de las Naciones Unidas y acad\u00e9micos para sensibilizar al p\u00fablico sobre la cr\u00edtica situaci\u00f3n existente sobre el terreno. Tambi\u00e9n pretende alentar un di\u00e1logo constructivo sobre las formas pr\u00e1cticas en que la di\u00e1spora palestina en Am\u00e9rica Central puede propugnar el fin de la ocupaci\u00f3n y apoyar las actividades de asistencia humanitaria, educaci\u00f3n, salud y desarrollo en Palestina..<\/p>\n<\/div><div class=\"fusion-clearfix\"><\/div><\/div><\/div><div class=\"fusion-layout-column fusion_builder_column fusion-builder-column-2 fusion_builder_column_1_3 1_3 fusion-one-third fusion-column-last\" style=\"--awb-bg-size:cover;width:30.6666%;\"><div class=\"fusion-column-wrapper fusion-flex-column-wrapper-legacy\"><div class=\"fusion-title title fusion-title-2 fusion-title-text fusion-title-size-three\" style=\"--awb-margin-top-small:0px;--awb-margin-right-small:0px;--awb-margin-bottom-small:20px;--awb-margin-left-small:0px;\"><h3 class=\"fusion-title-heading title-heading-left fusion-responsive-typography-calculated\" style=\"margin:0;--fontSize:16;--minFontSize:16;line-height:1.5;\">Resources<\/h3><span class=\"awb-title-spacer\"><\/span><div class=\"title-sep-container\"><div class=\"title-sep sep-double sep-solid\" style=\"border-color:#e0dede;\"><\/div><\/div><\/div><ul style=\"--awb-size:13px;--awb-iconcolor:#1e73be;--awb-line-height:22.1px;--awb-icon-width:22.1px;--awb-icon-height:22.1px;--awb-icon-margin:9.1px;--awb-content-margin:31.2px;\" class=\"fusion-checklist fusion-checklist-1 fusion-checklist-default type-icons\"><li class=\"fusion-li-item\" style=\"\"><span class=\"icon-wrapper circle-no\"><i class=\"fusion-li-icon fa fa-info-circle\" aria-hidden=\"true\"><\/i><\/span><div class=\"fusion-li-item-content\">Programme (<a href=\"http:\/\/www.un.org\/depts\/dpa\/qpal\/docs\/2017Managua\/Prog%20Managua%202017%20E.pdf\">English <\/a>|\u00a0Spanish)<\/div><\/li><li class=\"fusion-li-item\" style=\"\"><span class=\"icon-wrapper circle-no\"><i class=\"fusion-li-icon fa fa-file-o\" aria-hidden=\"true\"><\/i><\/span><div class=\"fusion-li-item-content\">Press release 1 (<a href=\"http:\/\/www.un.org\/press\/en\/2017\/gapal1381.doc.htm\">English<\/a> |\u00a0<a href=\"http:\/\/www.un.org\/press\/fr\/2017\/agpal1381.doc.htm\">French<\/a>)<\/p>\n<p>Press release &#8211; <a href=\"http:\/\/www.un.org\/press\/en\/2017\/gapal1382.doc.htm\">Opening Session and Plenary 1<\/a><\/p>\n<p>Press release &#8211; <a href=\"http:\/\/www.un.org\/press\/en\/2017\/gapal1383.doc.htm\">Plenary 2 and Closing Session<\/a><\/div><\/li><li class=\"fusion-li-item\" style=\"\"><span class=\"icon-wrapper circle-no\"><i class=\"fusion-li-icon fa fa-file-text-o\" aria-hidden=\"true\"><\/i><\/span><div class=\"fusion-li-item-content\"><a href=\"http:\/\/www.un.org\/depts\/dpa\/qpal\/docs\/2017Managua\/Declaracion%20de%20Managua%20%20S%20and%20E.pdf\">Managua Declaration &#8211; Declaracion de Managua <\/a><\/div><\/li><li class=\"fusion-li-item\" style=\"\"><span class=\"icon-wrapper circle-no\"><i class=\"fusion-li-icon fa fa-bookmark\" aria-hidden=\"true\"><\/i><\/span><div class=\"fusion-li-item-content\"><a href=\"https:\/\/drive.google.com\/drive\/folders\/0B8kzV8oZ-KOEZGRLZnBPZDc3YmM\">Background documents<\/a><br \/>\n<a href=\"https:\/\/drive.google.com\/drive\/folders\/0B8kzV8oZ-KOEZGRLZnBPZDc3YmM\">In session documents<\/a>: press releases, updated programme, papers, biographical notes on the speakers<\/div><\/li><li class=\"fusion-li-item\" style=\"\"><span class=\"icon-wrapper circle-no\"><i class=\"fusion-li-icon fa fa-quote-left\" aria-hidden=\"true\"><\/i><\/span><div class=\"fusion-li-item-content\"><a href=\"http:\/\/www.cinu.mx\/noticias\/la\/comite-de-la-onu-impulsa-el-ap\/\">Comit\u00e9 de la ONU impulsa el apoyo de la comunidad palestina en M\u00e9xico y Centroam\u00e9rica para la creaci\u00f3n de una Palestina independiente &#8211; entrevista con CINU M\u00e9xico<\/a><\/div><\/li><li class=\"fusion-li-item\" style=\"\"><span class=\"icon-wrapper circle-no\"><i class=\"fusion-li-icon fa-info-circle fas\" aria-hidden=\"true\"><\/i><\/span><div class=\"fusion-li-item-content\">\n<p>Meeting report (<a href=\"https:\/\/www.un.org\/unispal\/wp-content\/uploads\/2019\/07\/MANAGUARTRPT_040217.pdf\">English<\/a>) (<a href=\"https:\/\/www.un.org\/unispal\/wp-content\/uploads\/2019\/07\/MANAGUARTRPTs_040217.pdf\">Espa\u00f1ol<\/a>)<\/p>\n<\/div><\/li><\/ul><div class=\"fusion-clearfix\"><\/div><\/div><\/div><\/div><\/div>\n","protected":false},"excerpt":{"rendered":"","protected":false},"author":169,"featured_media":0,"comment_status":"closed","ping_status":"closed","sticky":false,"template":"","format":"standard","meta":{"footnotes":""},"categories":[1679,1685],"tags":[],"country":[],"committee-meeting":[],"class_list":["post-8986","post","type-post","status-publish","format-standard","hentry","category-events","category-international-meetings"],"_links":{"self":[{"href":"https:\/\/www.un.org\/unispal\/wp-json\/wp\/v2\/posts\/8986","targetHints":{"allow":["GET"]}}],"collection":[{"href":"https:\/\/www.un.org\/unispal\/wp-json\/wp\/v2\/posts"}],"about":[{"href":"https:\/\/www.un.org\/unispal\/wp-json\/wp\/v2\/types\/post"}],"author":[{"embeddable":true,"href":"https:\/\/www.un.org\/unispal\/wp-json\/wp\/v2\/users\/169"}],"replies":[{"embeddable":true,"href":"https:\/\/www.un.org\/unispal\/wp-json\/wp\/v2\/comments?post=8986"}],"version-history":[{"count":0,"href":"https:\/\/www.un.org\/unispal\/wp-json\/wp\/v2\/posts\/8986\/revisions"}],"wp:attachment":[{"href":"https:\/\/www.un.org\/unispal\/wp-json\/wp\/v2\/media?parent=8986"}],"wp:term":[{"taxonomy":"category","embeddable":true,"href":"https:\/\/www.un.org\/unispal\/wp-json\/wp\/v2\/categories?post=8986"},{"taxonomy":"post_tag","embeddable":true,"href":"https:\/\/www.un.org\/unispal\/wp-json\/wp\/v2\/tags?post=8986"},{"taxonomy":"country","embeddable":true,"href":"https:\/\/www.un.org\/unispal\/wp-json\/wp\/v2\/country?post=8986"},{"taxonomy":"committee-meeting","embeddable":true,"href":"https:\/\/www.un.org\/unispal\/wp-json\/wp\/v2\/committee-meeting?post=8986"}],"curies":[{"name":"wp","href":"https:\/\/api.w.org\/{rel}","templated":true}]}}